{"id":15328,"date":"2022-10-27T16:04:44","date_gmt":"2022-10-27T16:04:44","guid":{"rendered":"https:\/\/becal.gov.py\/v2\/?p=15328"},"modified":"2023-03-01T16:10:03","modified_gmt":"2023-03-01T16:10:03","slug":"expo-educacion-destacan-ventajas-de-prepararse-para-contribuir-al-desarrollo-del-pais","status":"publish","type":"post","link":"https:\/\/migracion.becal.gov.py\/v2\/2022\/10\/27\/expo-educacion-destacan-ventajas-de-prepararse-para-contribuir-al-desarrollo-del-pais\/","title":{"rendered":"Expo Educaci\u00f3n: Destacan ventajas de prepararse para contribuir al desarrollo del pa\u00eds"},"content":{"rendered":"\n<p>Prepararse desde el grado acad\u00e9mico en el que est\u00e9n para apostar por el futuro del pa\u00eds, primero con la nivelaci\u00f3n de idiomas y con la movilidad de grado, y luego aplicando a becas para maestr\u00edas, doctorados y posdoctorados, fue lo planteado por la coordinadora general de BECAL, Andrea Picaso, en la charla que realiz\u00f3 durante la Expo Educaci\u00f3n que se desarrolla en el Centro de Convenciones Mariscal.<\/p>\n\n\n\n<p>Durante su ponencia, la coordinadora general explic\u00f3 sobre los procesos de postulaci\u00f3n, as\u00ed como sobre las modalidades de becas de estudio de posgrado para maestr\u00edas, doctorados y posdoctorados. Record\u00f3 que BECAL es un programa que siempre se caracteriz\u00f3 por la transparencia en los criterios de selecci\u00f3n y que es posible acceder a toda la informaci\u00f3n, a trav\u00e9s de la p\u00e1gina web www.becal.gov.py.<\/p>\n\n\n\n<p>En los casos de nivelaci\u00f3n de idiomas y movilidad de grado, las becas est\u00e1n destinadas a estudiantes universitarios que hayan cursado por lo menos el 50 % de su carrera. La movilidad de grado permite al estudiante universitario cursar un semestre en el exterior.<\/p>\n\n\n\n<p>&#8220;Prep\u00e1rense porque las oportunidades est\u00e1n. Estoy s\u00faper convencida de que nosotros, con estas oportunidades, podemos ser la gente que impulse el crecimiento que haga el Paraguay que todos so\u00f1amos&#8221;, apunt\u00f3.<\/p>\n\n\n\n<p>El Programa BECAL busca contribuir a fortalecer el capital humano avanzado de Paraguay, a trav\u00e9s de becas para maestr\u00edas, doctorados y posdoctorados en las mejores universidades del mundo.<\/p>\n\n\n\n<figure class=\"wp-block-image size-large\"><img fetchpriority=\"high\" decoding=\"async\" width=\"1024\" height=\"576\" src=\"https:\/\/migracion.becal.gov.py\/wp-content\/uploads\/2022\/10\/2022-10-26-Andrea-1024x576.jpeg\" alt=\"\" class=\"wp-image-15329\" srcset=\"https:\/\/migracion.becal.gov.py\/v2\/wp-content\/uploads\/2022\/10\/2022-10-26-Andrea-1024x576.jpeg 1024w, https:\/\/migracion.becal.gov.py\/v2\/wp-content\/uploads\/2022\/10\/2022-10-26-Andrea-300x169.jpeg 300w, https:\/\/migracion.becal.gov.py\/v2\/wp-content\/uploads\/2022\/10\/2022-10-26-Andrea-768x432.jpeg 768w, https:\/\/migracion.becal.gov.py\/v2\/wp-content\/uploads\/2022\/10\/2022-10-26-Andrea.jpeg 1280w\" sizes=\"(max-width: 1024px) 100vw, 1024px\" \/><\/figure>\n\n\n\n<figure class=\"wp-block-gallery has-nested-images columns-default is-cropped wp-block-gallery-1 is-layout-flex wp-block-gallery-is-layout-flex\">\n<figure class=\"wp-block-image size-large\"><img decoding=\"async\" width=\"1024\" height=\"768\" data-id=\"15330\" src=\"https:\/\/migracion.becal.gov.py\/wp-content\/uploads\/2022\/10\/2022-10-27-BECAL-1024x768.jpeg\" alt=\"\" class=\"wp-image-15330\" srcset=\"https:\/\/migracion.becal.gov.py\/v2\/wp-content\/uploads\/2022\/10\/2022-10-27-BECAL-1024x768.jpeg 1024w, https:\/\/migracion.becal.gov.py\/v2\/wp-content\/uploads\/2022\/10\/2022-10-27-BECAL-300x225.jpeg 300w, https:\/\/migracion.becal.gov.py\/v2\/wp-content\/uploads\/2022\/10\/2022-10-27-BECAL-768x576.jpeg 768w, https:\/\/migracion.becal.gov.py\/v2\/wp-content\/uploads\/2022\/10\/2022-10-27-BECAL.jpeg 1280w\" sizes=\"(max-width: 1024px) 100vw, 1024px\" \/><\/figure>\n<\/figure>\n\n\n\n<figure class=\"wp-block-image size-large\"><img decoding=\"async\" width=\"1024\" height=\"682\" src=\"https:\/\/migracion.becal.gov.py\/wp-content\/uploads\/2022\/10\/2022-10-26-ExpoEducacion-1024x682.jpeg\" alt=\"\" class=\"wp-image-15331\" srcset=\"https:\/\/migracion.becal.gov.py\/v2\/wp-content\/uploads\/2022\/10\/2022-10-26-ExpoEducacion-1024x682.jpeg 1024w, https:\/\/migracion.becal.gov.py\/v2\/wp-content\/uploads\/2022\/10\/2022-10-26-ExpoEducacion-300x200.jpeg 300w, https:\/\/migracion.becal.gov.py\/v2\/wp-content\/uploads\/2022\/10\/2022-10-26-ExpoEducacion-768x512.jpeg 768w, https:\/\/migracion.becal.gov.py\/v2\/wp-content\/uploads\/2022\/10\/2022-10-26-ExpoEducacion.jpeg 1280w\" sizes=\"(max-width: 1024px) 100vw, 1024px\" \/><\/figure>\n\n\n\n<figure class=\"wp-block-image size-large\"><img loading=\"lazy\" decoding=\"async\" width=\"1024\" height=\"768\" src=\"https:\/\/migracion.becal.gov.py\/wp-content\/uploads\/2022\/10\/2022-10-26-Becal-1024x768.jpeg\" alt=\"\" class=\"wp-image-15332\" srcset=\"https:\/\/migracion.becal.gov.py\/v2\/wp-content\/uploads\/2022\/10\/2022-10-26-Becal-1024x768.jpeg 1024w, https:\/\/migracion.becal.gov.py\/v2\/wp-content\/uploads\/2022\/10\/2022-10-26-Becal-300x225.jpeg 300w, https:\/\/migracion.becal.gov.py\/v2\/wp-content\/uploads\/2022\/10\/2022-10-26-Becal-768x576.jpeg 768w, https:\/\/migracion.becal.gov.py\/v2\/wp-content\/uploads\/2022\/10\/2022-10-26-Becal-1536x1152.jpeg 1536w, https:\/\/migracion.becal.gov.py\/v2\/wp-content\/uploads\/2022\/10\/2022-10-26-Becal.jpeg 1600w\" sizes=\"(max-width: 1024px) 100vw, 1024px\" \/><\/figure>\n<p>[learn_press_profile]<\/p>\n","protected":false},"excerpt":{"rendered":"<p>Prepararse desde el grado acad\u00e9mico en el que est\u00e9n para apostar por el futuro del pa\u00eds, primero con la nivelaci\u00f3n de idiomas y con la movilidad de grado, y luego aplicando a becas para maestr\u00edas, doctorados y posdoctorados, fue lo planteado por la coordinadora general [&hellip;]<\/p>\n","protected":false},"author":2,"featured_media":15334,"comment_status":"closed","ping_status":"closed","sticky":false,"template":"","format":"standard","meta":{"footnotes":""},"categories":[1],"tags":[],"class_list":["post-15328","post","type-post","status-publish","format-standard","has-post-thumbnail","hentry","category-uncategorized"],"_links":{"self":[{"href":"https:\/\/migracion.becal.gov.py\/v2\/wp-json\/wp\/v2\/posts\/15328","targetHints":{"allow":["GET"]}}],"collection":[{"href":"https:\/\/migracion.becal.gov.py\/v2\/wp-json\/wp\/v2\/posts"}],"about":[{"href":"https:\/\/migracion.becal.gov.py\/v2\/wp-json\/wp\/v2\/types\/post"}],"author":[{"embeddable":true,"href":"https:\/\/migracion.becal.gov.py\/v2\/wp-json\/wp\/v2\/users\/2"}],"replies":[{"embeddable":true,"href":"https:\/\/migracion.becal.gov.py\/v2\/wp-json\/wp\/v2\/comments?post=15328"}],"version-history":[{"count":3,"href":"https:\/\/migracion.becal.gov.py\/v2\/wp-json\/wp\/v2\/posts\/15328\/revisions"}],"predecessor-version":[{"id":16093,"href":"https:\/\/migracion.becal.gov.py\/v2\/wp-json\/wp\/v2\/posts\/15328\/revisions\/16093"}],"wp:featuredmedia":[{"embeddable":true,"href":"https:\/\/migracion.becal.gov.py\/v2\/wp-json\/wp\/v2\/media\/15334"}],"wp:attachment":[{"href":"https:\/\/migracion.becal.gov.py\/v2\/wp-json\/wp\/v2\/media?parent=15328"}],"wp:term":[{"taxonomy":"category","embeddable":true,"href":"https:\/\/migracion.becal.gov.py\/v2\/wp-json\/wp\/v2\/categories?post=15328"},{"taxonomy":"post_tag","embeddable":true,"href":"https:\/\/migracion.becal.gov.py\/v2\/wp-json\/wp\/v2\/tags?post=15328"}],"curies":[{"name":"wp","href":"https:\/\/api.w.org\/{rel}","templated":true}]}}