{"id":15728,"date":"2023-01-03T11:15:56","date_gmt":"2023-01-03T11:15:56","guid":{"rendered":"https:\/\/becal.gov.py\/v2\/?p=15728"},"modified":"2023-03-02T12:29:41","modified_gmt":"2023-03-02T12:29:41","slug":"nuevos-becarios-firman-contratos-con-becal-para-iniciar-su-formacion-en-el-exterior","status":"publish","type":"post","link":"https:\/\/migracion.becal.gov.py\/v2\/2023\/01\/03\/nuevos-becarios-firman-contratos-con-becal-para-iniciar-su-formacion-en-el-exterior\/","title":{"rendered":"Nuevos becarios firman contratos con BECAL para iniciar su formaci\u00f3n en el exterior"},"content":{"rendered":"\n<p>Los nuevos becarios del Programa Nacional de Becas al Exterior \u201cDon Carlos Antonio L\u00f3pez (BECAL), dependiente del Ministerio de Hacienda, comienzan a firmar sus contratos de becas con el Programa a fin de viajar al exterior para su formaci\u00f3n acad\u00e9mica. Los primeros en emprender vuelo son los universitarios adjudicados con las becas de Movilidad Internacional de Grado, en el marco de la 8va. Convocatoria en convenio con el Comit\u00e9 Paraguay-Kansas (CPK).<\/p>\n\n\n\n<p>Fueron seleccionados 16 estudiantes universitarios provenientes de Central, Misiones y \u00d1eembuc\u00fa, quienes tendr\u00e1n la oportunidad de cursar un semestre en Wichita State University (WSU) y Kansas State University, Estados Unidos. Algunos de ellos viajan ya esta semana. Las edades de los nuevos becarios de intercambio de grado oscilan entre 20 y 23 a\u00f1os.<\/p>\n\n\n\n<p>Los mismos cursan en Paraguay carreras como Ingenier\u00eda en Sistemas de Producci\u00f3n; Arquitectura; Ingenier\u00eda Qu\u00edmica; Ingenier\u00eda Mecatr\u00f3nica; Ingenier\u00eda Inform\u00e1tica; Ingenier\u00eda Industrial; Comercio Internacional; Ingenier\u00eda Electromec\u00e1nica; Comercio Internacional; Administraci\u00f3n de Empresas; y Lengua Inglesa.<\/p>\n\n\n\n<p>Principalmente provienen de la Universidad Nacional de Asunci\u00f3n (UNA); Universidad Cat\u00f3lica, Sede San Ignacio Guaz\u00fa; Universidad Americana; Universidad del Cono Sur de las Am\u00e9ricas (UCSA); y el Instituto Nacional de Educaci\u00f3n Superior Dr. Ra\u00fal Pe\u00f1a (INAES).<\/p>\n\n\n\n<p>Cabe mencionar que las becas de Movilidad de Grado son complementarias como preparatorias para los posgrados en el exterior. BECAL est\u00e1 orientado a fortalecer el capital humano avanzado del pa\u00eds, especialmente, a trav\u00e9s de posgrados focalizados en maestr\u00edas, doctorados y posdoctorados en las mejores universidades del mundo. <\/p>\n\n\n\n<figure class=\"wp-block-image size-large\"><img fetchpriority=\"high\" decoding=\"async\" width=\"768\" height=\"1024\" src=\"https:\/\/migracion.becal.gov.py\/wp-content\/uploads\/2023\/01\/2022-12-30-Movilidad-768x1024.jpeg\" alt=\"\" class=\"wp-image-15729\" srcset=\"https:\/\/migracion.becal.gov.py\/v2\/wp-content\/uploads\/2023\/01\/2022-12-30-Movilidad-768x1024.jpeg 768w, https:\/\/migracion.becal.gov.py\/v2\/wp-content\/uploads\/2023\/01\/2022-12-30-Movilidad-225x300.jpeg 225w, https:\/\/migracion.becal.gov.py\/v2\/wp-content\/uploads\/2023\/01\/2022-12-30-Movilidad-1152x1536.jpeg 1152w, https:\/\/migracion.becal.gov.py\/v2\/wp-content\/uploads\/2023\/01\/2022-12-30-Movilidad.jpeg 1200w\" sizes=\"(max-width: 768px) 100vw, 768px\" \/><\/figure>\n\n\n\n<figure class=\"wp-block-image size-large\"><img decoding=\"async\" width=\"768\" height=\"1024\" src=\"https:\/\/migracion.becal.gov.py\/wp-content\/uploads\/2023\/01\/2023-01-03-Grado-768x1024.jpeg\" alt=\"\" class=\"wp-image-15730\" srcset=\"https:\/\/migracion.becal.gov.py\/v2\/wp-content\/uploads\/2023\/01\/2023-01-03-Grado-768x1024.jpeg 768w, https:\/\/migracion.becal.gov.py\/v2\/wp-content\/uploads\/2023\/01\/2023-01-03-Grado-225x300.jpeg 225w, https:\/\/migracion.becal.gov.py\/v2\/wp-content\/uploads\/2023\/01\/2023-01-03-Grado-1152x1536.jpeg 1152w, https:\/\/migracion.becal.gov.py\/v2\/wp-content\/uploads\/2023\/01\/2023-01-03-Grado.jpeg 1200w\" sizes=\"(max-width: 768px) 100vw, 768px\" \/><\/figure>\n<p>[learn_press_profile]<\/p>\n","protected":false},"excerpt":{"rendered":"<p>Los nuevos becarios del Programa Nacional de Becas al Exterior \u201cDon Carlos Antonio L\u00f3pez (BECAL), dependiente del Ministerio de Hacienda, comienzan a firmar sus contratos de becas con el Programa a fin de viajar al exterior para su formaci\u00f3n acad\u00e9mica. Los primeros en emprender vuelo [&hellip;]<\/p>\n","protected":false},"author":2,"featured_media":15732,"comment_status":"closed","ping_status":"closed","sticky":false,"template":"","format":"standard","meta":{"footnotes":""},"categories":[1],"tags":[],"class_list":["post-15728","post","type-post","status-publish","format-standard","has-post-thumbnail","hentry","category-uncategorized"],"_links":{"self":[{"href":"https:\/\/migracion.becal.gov.py\/v2\/wp-json\/wp\/v2\/posts\/15728","targetHints":{"allow":["GET"]}}],"collection":[{"href":"https:\/\/migracion.becal.gov.py\/v2\/wp-json\/wp\/v2\/posts"}],"about":[{"href":"https:\/\/migracion.becal.gov.py\/v2\/wp-json\/wp\/v2\/types\/post"}],"author":[{"embeddable":true,"href":"https:\/\/migracion.becal.gov.py\/v2\/wp-json\/wp\/v2\/users\/2"}],"replies":[{"embeddable":true,"href":"https:\/\/migracion.becal.gov.py\/v2\/wp-json\/wp\/v2\/comments?post=15728"}],"version-history":[{"count":2,"href":"https:\/\/migracion.becal.gov.py\/v2\/wp-json\/wp\/v2\/posts\/15728\/revisions"}],"predecessor-version":[{"id":16448,"href":"https:\/\/migracion.becal.gov.py\/v2\/wp-json\/wp\/v2\/posts\/15728\/revisions\/16448"}],"wp:featuredmedia":[{"embeddable":true,"href":"https:\/\/migracion.becal.gov.py\/v2\/wp-json\/wp\/v2\/media\/15732"}],"wp:attachment":[{"href":"https:\/\/migracion.becal.gov.py\/v2\/wp-json\/wp\/v2\/media?parent=15728"}],"wp:term":[{"taxonomy":"category","embeddable":true,"href":"https:\/\/migracion.becal.gov.py\/v2\/wp-json\/wp\/v2\/categories?post=15728"},{"taxonomy":"post_tag","embeddable":true,"href":"https:\/\/migracion.becal.gov.py\/v2\/wp-json\/wp\/v2\/tags?post=15728"}],"curies":[{"name":"wp","href":"https:\/\/api.w.org\/{rel}","templated":true}]}}