{"id":15753,"date":"2023-01-06T10:54:18","date_gmt":"2023-01-06T10:54:18","guid":{"rendered":"https:\/\/becal.gov.py\/v2\/?p=15753"},"modified":"2023-03-01T13:39:28","modified_gmt":"2023-03-01T13:39:28","slug":"primer-master-en-enfermeria-por-becal-retorno-al-pais-y-se-apresta-a-implementar-en-su-comunidad-lo-aprendido","status":"publish","type":"post","link":"https:\/\/migracion.becal.gov.py\/v2\/2023\/01\/06\/primer-master-en-enfermeria-por-becal-retorno-al-pais-y-se-apresta-a-implementar-en-su-comunidad-lo-aprendido\/","title":{"rendered":"Primer M\u00e1ster en Enfermer\u00eda por BECAL retorn\u00f3 al pa\u00eds y se apresta a implementar en su comunidad lo aprendido"},"content":{"rendered":"\n<p>Recientemente regres\u00f3 del exterior al culminar su Maestr\u00eda en Innovaci\u00f3n en Enfermer\u00eda Aplicada a la Vulnerabilidad y a la Salud, que hizo en la Facultad de Medicina de la Universidad Aut\u00f3noma de Barcelona, Espa\u00f1a, del 2021 al 2022, a trav\u00e9s del Programa Nacional de Becas al Exterior \u201cDon Carlos Antonio L\u00f3pez (BECAL), dependiente del Ministerio de Hacienda. Diego Marcelo Medina, 33 a\u00f1os, de Capiat\u00e1, orgulloso cuenta que a su retorno cumple funciones en la Unidad de Salud de la Familia, en Aldana Ca\u00f1ada del distrito de su ciudad natal.<\/p>\n\n\n\n<p>El Licenciado en Enfermer\u00eda, primer becario de esta \u00e1rea, funcionario del Ministerio de Salud P\u00fablica y Bienestar Social, explica que sus funciones propias como enfermero en Atenci\u00f3n Primaria de Salud est\u00e1n dirigidas a la consecuci\u00f3n de la promoci\u00f3n de la salud, la prevenci\u00f3n, la recuperaci\u00f3n y la rehabilitaci\u00f3n de las enfermedades. Busca que los servicios prestados dentro de su Unidad de Salud Familiar est\u00e9n al alcance de las personas, la familia y la comunidad para satisfacer as\u00ed las demandas de salud a lo largo del ciclo vital.<\/p>\n\n\n\n<p>El exbecario refiere que actualmente siente que su contribuci\u00f3n aun es escasa para el pa\u00eds, ya que en donde est\u00e1 prestando servicios a poblaciones vulnerables, dentro de la comunidad, solo representa el 1% del total de la poblaci\u00f3n del pa\u00eds. \u201cSiento que puedo llegar a dar mucho m\u00e1s estando en un lugar donde me permita visualizar al pa\u00eds como un solo grupo vulnerable\u201d.<\/p>\n\n\n\n<p>Diego resalta que el haber salido al exterior a formarse y tener la oportunidad de interactuar con gente de otra cultura afect\u00f3 de manera positiva en su vida personal y profesional, \u201cporque la educaci\u00f3n es totalmente diferente, y te sientes en la obligaci\u00f3n de estar en el mismo nivel de ellos y eso te hace exigir cada d\u00eda m\u00e1s. Hoy a mi retorno puedo decir que me siento mucho m\u00e1s capaz de afrontar las situaciones presentes dentro de lo laboral aplicando estrategias, con una visi\u00f3n mucho m\u00e1s cr\u00edtica para lograr el bien com\u00fan de todos quienes componen mi equipo de trabajo\u201d.<\/p>\n\n\n\n<p>El exbecario manifiesta que tiene un sue\u00f1o por cumplir, como todo profesional, llegar al nivel m\u00e1s alto de la formaci\u00f3n, que es el Doctorado, que nuevamente espera poder hacer con la oportunidad que brinda BECAL. \u201cComo enfermero, posicionar a la Enfermer\u00eda de Paraguay en un nivel muy alto, aplicando la investigaci\u00f3n como base en la mejora de la atenci\u00f3n, a la vez, desarrollar este novedoso programa de m\u00e1ster, nuevo en el pa\u00eds con la finalidad de innovar y potenciar los cuidados de enfermer\u00eda dentro de las poblaciones vulnerables\u201d, expresa como pendiente profesional.<\/p>\n\n\n\n<figure class=\"wp-block-gallery has-nested-images columns-default is-cropped wp-block-gallery-1 is-layout-flex wp-block-gallery-is-layout-flex\">\n<figure class=\"wp-block-image size-large\"><img fetchpriority=\"high\" decoding=\"async\" width=\"768\" height=\"1024\" data-id=\"15754\" src=\"https:\/\/migracion.becal.gov.py\/wp-content\/uploads\/2023\/01\/2023-01-05-Becario-Enfermero-768x1024.jpeg\" alt=\"\" class=\"wp-image-15754\" srcset=\"https:\/\/migracion.becal.gov.py\/v2\/wp-content\/uploads\/2023\/01\/2023-01-05-Becario-Enfermero-768x1024.jpeg 768w, https:\/\/migracion.becal.gov.py\/v2\/wp-content\/uploads\/2023\/01\/2023-01-05-Becario-Enfermero-225x300.jpeg 225w, https:\/\/migracion.becal.gov.py\/v2\/wp-content\/uploads\/2023\/01\/2023-01-05-Becario-Enfermero-1152x1536.jpeg 1152w, https:\/\/migracion.becal.gov.py\/v2\/wp-content\/uploads\/2023\/01\/2023-01-05-Becario-Enfermero.jpeg 1200w\" sizes=\"(max-width: 768px) 100vw, 768px\" \/><\/figure>\n<\/figure>\n\n\n\n<figure class=\"wp-block-image size-large\"><img decoding=\"async\" width=\"768\" height=\"1024\" src=\"https:\/\/migracion.becal.gov.py\/wp-content\/uploads\/2023\/01\/2023-01-05-Enfermero-768x1024.jpeg\" alt=\"\" class=\"wp-image-15755\" srcset=\"https:\/\/migracion.becal.gov.py\/v2\/wp-content\/uploads\/2023\/01\/2023-01-05-Enfermero-768x1024.jpeg 768w, https:\/\/migracion.becal.gov.py\/v2\/wp-content\/uploads\/2023\/01\/2023-01-05-Enfermero-225x300.jpeg 225w, https:\/\/migracion.becal.gov.py\/v2\/wp-content\/uploads\/2023\/01\/2023-01-05-Enfermero-1152x1536.jpeg 1152w, https:\/\/migracion.becal.gov.py\/v2\/wp-content\/uploads\/2023\/01\/2023-01-05-Enfermero.jpeg 1200w\" sizes=\"(max-width: 768px) 100vw, 768px\" \/><\/figure>\n<p>[learn_press_profile]<\/p>\n","protected":false},"excerpt":{"rendered":"<p>Recientemente regres\u00f3 del exterior al culminar su Maestr\u00eda en Innovaci\u00f3n en Enfermer\u00eda Aplicada a la Vulnerabilidad y a la Salud, que hizo en la Facultad de Medicina de la Universidad Aut\u00f3noma de Barcelona, Espa\u00f1a, del 2021 al 2022, a trav\u00e9s del Programa Nacional de Becas [&hellip;]<\/p>\n","protected":false},"author":2,"featured_media":15757,"comment_status":"closed","ping_status":"closed","sticky":false,"template":"","format":"standard","meta":{"footnotes":""},"categories":[1],"tags":[],"class_list":["post-15753","post","type-post","status-publish","format-standard","has-post-thumbnail","hentry","category-uncategorized"],"_links":{"self":[{"href":"https:\/\/migracion.becal.gov.py\/v2\/wp-json\/wp\/v2\/posts\/15753","targetHints":{"allow":["GET"]}}],"collection":[{"href":"https:\/\/migracion.becal.gov.py\/v2\/wp-json\/wp\/v2\/posts"}],"about":[{"href":"https:\/\/migracion.becal.gov.py\/v2\/wp-json\/wp\/v2\/types\/post"}],"author":[{"embeddable":true,"href":"https:\/\/migracion.becal.gov.py\/v2\/wp-json\/wp\/v2\/users\/2"}],"replies":[{"embeddable":true,"href":"https:\/\/migracion.becal.gov.py\/v2\/wp-json\/wp\/v2\/comments?post=15753"}],"version-history":[{"count":2,"href":"https:\/\/migracion.becal.gov.py\/v2\/wp-json\/wp\/v2\/posts\/15753\/revisions"}],"predecessor-version":[{"id":16036,"href":"https:\/\/migracion.becal.gov.py\/v2\/wp-json\/wp\/v2\/posts\/15753\/revisions\/16036"}],"wp:featuredmedia":[{"embeddable":true,"href":"https:\/\/migracion.becal.gov.py\/v2\/wp-json\/wp\/v2\/media\/15757"}],"wp:attachment":[{"href":"https:\/\/migracion.becal.gov.py\/v2\/wp-json\/wp\/v2\/media?parent=15753"}],"wp:term":[{"taxonomy":"category","embeddable":true,"href":"https:\/\/migracion.becal.gov.py\/v2\/wp-json\/wp\/v2\/categories?post=15753"},{"taxonomy":"post_tag","embeddable":true,"href":"https:\/\/migracion.becal.gov.py\/v2\/wp-json\/wp\/v2\/tags?post=15753"}],"curies":[{"name":"wp","href":"https:\/\/api.w.org\/{rel}","templated":true}]}}