{"id":15789,"date":"2023-01-20T11:00:24","date_gmt":"2023-01-20T11:00:24","guid":{"rendered":"https:\/\/becal.gov.py\/v2\/?p=15789"},"modified":"2023-03-01T19:10:51","modified_gmt":"2023-03-01T19:10:51","slug":"exbecaria-de-intercambio-obtuvo-valiosas-herramientas-que-afianzaron-sus-conocimientos-en-diseno-grafico","status":"publish","type":"post","link":"https:\/\/migracion.becal.gov.py\/v2\/2023\/01\/20\/exbecaria-de-intercambio-obtuvo-valiosas-herramientas-que-afianzaron-sus-conocimientos-en-diseno-grafico\/","title":{"rendered":"Exbecaria de intercambio obtuvo valiosas herramientas que afianzaron sus conocimientos en dise\u00f1o gr\u00e1fico"},"content":{"rendered":"\n<p>La dise\u00f1adora gr\u00e1fica, Gabriela \u00c1lvarez, tuvo la oportunidad de viajar a los Estados Unidos de Am\u00e9rica para cursar un semestre de intercambio en la carrera de Dise\u00f1o y Arte, en la Pittsburg State University, gracias una beca otorgada por el Programa BECAL, en convenio con el Comit\u00e9 Paraguay Kansas (CPK).<\/p>\n\n\n\n<p>\u201cEl intercambio me brindo much\u00edsimas herramientas para continuar form\u00e1ndome profesionalmente y afianzar mis conocimientos llev\u00e1ndolos a la pr\u00e1ctica\u201d, sostuvo nuestra becaria retornada, quien durante su estad\u00eda en el pa\u00eds norteamericano tom\u00f3 clases de Dise\u00f1o de Experiencia de Usuario, Pintura, Dibujo y Comunicaci\u00f3n, lo que le facilit\u00f3 presentar su proyecto final de grado en agosto de 2022.<\/p>\n\n\n\n<p>\u201cDesde mi experiencia, la oportunidad de estudiar en el extranjero hace que uno nunca vuelva igual. Viajar permite expandir la mente, conocer otras culturas y generar nuevos lazos con innumerables personas que tienen el mismo inter\u00e9s que uno tiene, de seguir aprendiendo y mejorando continuamente. Creo que esto nos potencia para ver lo que es posible hacer aqu\u00ed en Paraguay\u201d, resalt\u00f3 \u00c1lvarez.<\/p>\n\n\n\n<p>La exbecaria destac\u00f3 que la experiencia acad\u00e9mica vivida le abri\u00f3 muchas puertas, lo que favoreci\u00f3 su crecimiento, tanto personal como profesional.<\/p>\n\n\n\n<p>En este contexto, resalt\u00f3 que a inicios de diciembre particip\u00f3 como expositora en la muestra colectiva de arte visual realizada en Paraguay \u201cLo mismo pero diferente\u201d, dirigida por la Prof. Graciela S. Nery Huerta, a trav\u00e9s del Taller de Procedimientos Pict\u00f3ricos.<\/p>\n\n\n\n<p>Es importante recordar que Gabriela \u00c1lvarez hab\u00eda realizado adem\u00e1s la recordada campa\u00f1a visual #BecalNoSeToca, que alcanz\u00f3 gran repercusi\u00f3n en el pa\u00eds en el 2021. La misma tuvo como finalidad comunicar de manera clara y sencilla la importancia de que los fondos para Educaci\u00f3n no fueran recortados, considerando que el Programa BECAL significa oportunidad y crecimiento para muchos j\u00f3venes paraguayos que se encuentran estudiando en el extranjero, como tambi\u00e9n para los futuros becarios.<\/p>\n\n\n\n<p>En cuanto al proceso de postulaci\u00f3n con BECAL, coment\u00f3 que gracias a la colaboraci\u00f3n del CPK tuvo una excelente y clara noci\u00f3n de los requerimientos del programa. \u201cEl asesoramiento del Programa y el CPK es bastante colaborativo y din\u00e1mico, ayudan al postulante a despejar cualquier duda\u201d, resalt\u00f3. Por esta raz\u00f3n, insta a los compatriotas a aprovechar estas oportunidades de capacitaci\u00f3n en el extranjero, teniendo en cuenta que la formaci\u00f3n del capital humano en el exterior es un gran valor para el pa\u00eds.<\/p>\n<p>[learn_press_profile]<\/p>\n","protected":false},"excerpt":{"rendered":"<p>La dise\u00f1adora gr\u00e1fica, Gabriela \u00c1lvarez, tuvo la oportunidad de viajar a los Estados Unidos de Am\u00e9rica para cursar un semestre de intercambio en la carrera de Dise\u00f1o y Arte, en la Pittsburg State University, gracias una beca otorgada por el Programa BECAL, en convenio con [&hellip;]<\/p>\n","protected":false},"author":2,"featured_media":15793,"comment_status":"closed","ping_status":"closed","sticky":false,"template":"","format":"standard","meta":{"footnotes":""},"categories":[1],"tags":[],"class_list":["post-15789","post","type-post","status-publish","format-standard","has-post-thumbnail","hentry","category-uncategorized"],"_links":{"self":[{"href":"https:\/\/migracion.becal.gov.py\/v2\/wp-json\/wp\/v2\/posts\/15789","targetHints":{"allow":["GET"]}}],"collection":[{"href":"https:\/\/migracion.becal.gov.py\/v2\/wp-json\/wp\/v2\/posts"}],"about":[{"href":"https:\/\/migracion.becal.gov.py\/v2\/wp-json\/wp\/v2\/types\/post"}],"author":[{"embeddable":true,"href":"https:\/\/migracion.becal.gov.py\/v2\/wp-json\/wp\/v2\/users\/2"}],"replies":[{"embeddable":true,"href":"https:\/\/migracion.becal.gov.py\/v2\/wp-json\/wp\/v2\/comments?post=15789"}],"version-history":[{"count":3,"href":"https:\/\/migracion.becal.gov.py\/v2\/wp-json\/wp\/v2\/posts\/15789\/revisions"}],"predecessor-version":[{"id":16157,"href":"https:\/\/migracion.becal.gov.py\/v2\/wp-json\/wp\/v2\/posts\/15789\/revisions\/16157"}],"wp:featuredmedia":[{"embeddable":true,"href":"https:\/\/migracion.becal.gov.py\/v2\/wp-json\/wp\/v2\/media\/15793"}],"wp:attachment":[{"href":"https:\/\/migracion.becal.gov.py\/v2\/wp-json\/wp\/v2\/media?parent=15789"}],"wp:term":[{"taxonomy":"category","embeddable":true,"href":"https:\/\/migracion.becal.gov.py\/v2\/wp-json\/wp\/v2\/categories?post=15789"},{"taxonomy":"post_tag","embeddable":true,"href":"https:\/\/migracion.becal.gov.py\/v2\/wp-json\/wp\/v2\/tags?post=15789"}],"curies":[{"name":"wp","href":"https:\/\/api.w.org\/{rel}","templated":true}]}}