{"id":15833,"date":"2023-02-03T11:18:43","date_gmt":"2023-02-03T11:18:43","guid":{"rendered":"https:\/\/becal.gov.py\/v2\/?p=15833"},"modified":"2023-03-05T03:19:12","modified_gmt":"2023-03-05T03:19:12","slug":"becario-investigador-considera-a-becal-como-un-gran-ejemplo-de-politica-publica-exitosa","status":"publish","type":"post","link":"https:\/\/migracion.becal.gov.py\/v2\/2023\/02\/03\/becario-investigador-considera-a-becal-como-un-gran-ejemplo-de-politica-publica-exitosa\/","title":{"rendered":"Becario investigador considera a BECAL como un gran ejemplo de pol\u00edtica p\u00fablica exitosa"},"content":{"rendered":"\n<p>Con el anhelo de contribuir al desarrollo del pa\u00eds, a trav\u00e9s del ejercicio de la docencia universitaria y la investigaci\u00f3n rigurosa, el profesional Marcos P\u00e9rez postul\u00f3 a las becas del Programa Nacional de Becas de Posgrado en el Exterior \u201cDon Carlos Antonio L\u00f3pez\u201d (BECAL), al que considera \u201cun gran ejemplo de pol\u00edtica p\u00fablica exitosa\u201d.<\/p>\n\n\n\n<p>El becario, que es M\u00e1ster en Ciencia Pol\u00edtica por la Universidad de Salamanca (Espa\u00f1a) y Doctor en Ciencia Pol\u00edtica por la Universidad Nacional del Rosario (Argentina), realiza actualmente, mediante una beca otorgada por BECAL, una estancia posdoctoral en la Universidad de Valencia (Espa\u00f1a), donde trabaja en un proyecto de investigaci\u00f3n sobre las \u00e9lites pol\u00edticas de Paraguay en la era democr\u00e1tica, que culminar\u00e1 en marzo de este a\u00f1o.<\/p>\n\n\n\n<p>\u201cEstoy muy feliz investigando con catedr\u00e1ticos y docentes de alto nivel, incorporando nuevos marcos te\u00f3ricos y metodol\u00f3gicos que me ayudan a ampliar las bases de mi l\u00ednea de investigaci\u00f3n\u201d, precis\u00f3.&nbsp;<\/p>\n\n\n\n<p>Nuestro becario destac\u00f3 igualmente que, mediante un proceso sencillo y muy transparente, el Programa est\u00e1 dando la oportunidad a una cantidad importante de compatriotas de capacitarse en las mejores universidades del exterior, por lo que anima a quienes deseen recibir formaci\u00f3n de excelencia en el extranjero a informarse sobre las oportunidades que ofrece BECAL.&nbsp;<\/p>\n\n\n\n<p>En una breve pausa que realiz\u00f3 en su posdoctorado, P\u00e9rez visit\u00f3 recientemente el pa\u00eds para realizar la presentaci\u00f3n de su libro &#8220;El cambio de los partidos pol\u00edticos en el gobierno y en la oposici\u00f3n. La ANR y el PLRA entre 2003 y 2018&#8221;, iniciativa a trav\u00e9s de la cual pretende cerrar algunas limitaciones en el conocimiento existente sobre los partidos tradicionales paraguayos.<\/p>\n\n\n\n<p>BECAL persigue su prop\u00f3sito de fortalecer la formaci\u00f3n de capital humano avanzado para el Paraguay, mediante los estudios de posgrados focalizados en maestr\u00edas, doctorados y posdoctorados en las m\u00e1s encumbradas universidades del mundo.<\/p>\n<p>[learn_press_profile]<\/p>\n","protected":false},"excerpt":{"rendered":"<p>Con el anhelo de contribuir al desarrollo del pa\u00eds, a trav\u00e9s del ejercicio de la docencia universitaria y la investigaci\u00f3n rigurosa, el profesional Marcos P\u00e9rez postul\u00f3 a las becas del Programa Nacional de Becas de Posgrado en el Exterior \u201cDon Carlos Antonio L\u00f3pez\u201d (BECAL), al [&hellip;]<\/p>\n","protected":false},"author":2,"featured_media":15835,"comment_status":"closed","ping_status":"closed","sticky":false,"template":"","format":"standard","meta":{"footnotes":""},"categories":[1],"tags":[],"class_list":["post-15833","post","type-post","status-publish","format-standard","has-post-thumbnail","hentry","category-uncategorized"],"_links":{"self":[{"href":"https:\/\/migracion.becal.gov.py\/v2\/wp-json\/wp\/v2\/posts\/15833","targetHints":{"allow":["GET"]}}],"collection":[{"href":"https:\/\/migracion.becal.gov.py\/v2\/wp-json\/wp\/v2\/posts"}],"about":[{"href":"https:\/\/migracion.becal.gov.py\/v2\/wp-json\/wp\/v2\/types\/post"}],"author":[{"embeddable":true,"href":"https:\/\/migracion.becal.gov.py\/v2\/wp-json\/wp\/v2\/users\/2"}],"replies":[{"embeddable":true,"href":"https:\/\/migracion.becal.gov.py\/v2\/wp-json\/wp\/v2\/comments?post=15833"}],"version-history":[{"count":2,"href":"https:\/\/migracion.becal.gov.py\/v2\/wp-json\/wp\/v2\/posts\/15833\/revisions"}],"predecessor-version":[{"id":16731,"href":"https:\/\/migracion.becal.gov.py\/v2\/wp-json\/wp\/v2\/posts\/15833\/revisions\/16731"}],"wp:featuredmedia":[{"embeddable":true,"href":"https:\/\/migracion.becal.gov.py\/v2\/wp-json\/wp\/v2\/media\/15835"}],"wp:attachment":[{"href":"https:\/\/migracion.becal.gov.py\/v2\/wp-json\/wp\/v2\/media?parent=15833"}],"wp:term":[{"taxonomy":"category","embeddable":true,"href":"https:\/\/migracion.becal.gov.py\/v2\/wp-json\/wp\/v2\/categories?post=15833"},{"taxonomy":"post_tag","embeddable":true,"href":"https:\/\/migracion.becal.gov.py\/v2\/wp-json\/wp\/v2\/tags?post=15833"}],"curies":[{"name":"wp","href":"https:\/\/api.w.org\/{rel}","templated":true}]}}