{"id":15953,"date":"2023-02-28T11:08:23","date_gmt":"2023-02-28T11:08:23","guid":{"rendered":"https:\/\/becal.gov.py\/v2\/?p=15953"},"modified":"2023-03-01T12:36:56","modified_gmt":"2023-03-01T12:36:56","slug":"quedan-30-dias-para-postularse-a-16-becas-de-posgrados-para-canada-y-espana","status":"publish","type":"post","link":"https:\/\/migracion.becal.gov.py\/v2\/2023\/02\/28\/quedan-30-dias-para-postularse-a-16-becas-de-posgrados-para-canada-y-espana\/","title":{"rendered":"Quedan 30 d\u00edas para postularse a 16 becas de posgrados para Canad\u00e1 y Espa\u00f1a"},"content":{"rendered":"\n<p>Hasta el mi\u00e9rcoles 29 de marzo hay tiempo para postularse a las cinco becas de estancias cortas de formaci\u00f3n postdoctoral en Espa\u00f1a, en convenio con la Fundaci\u00f3n Carolina; as\u00ed como tambi\u00e9n hasta el viernes 31 de marzo a las once para realizar Maestr\u00edas y Doctorados en Canad\u00e1, en convenio con el consorcio Caldo, a trav\u00e9s del Programa Nacional de Becas de Posgrados en el Exterior \u201cDon Carlos Antonio L\u00f3pez\u201d (BECAL), dependiente del Ministerio de Hacienda. A estas 16 becas de posgrados bajo la Modalidad Asistida pueden postularse mediante el SPI <a href=\"https:\/\/spi.conacyt.gov.py\/user\">https:\/\/spi.conacyt.gov.py\/user<\/a><\/p>\n\n\n\n<p>Para conocer los requisitos de acceso a estas becas debe revisar minuciosamente las Gu\u00edas de Bases y Condiciones (GBC), que se encuentran disponibles en <a href=\"https:\/\/bit.ly\/3NtxkNj\">https:\/\/bit.ly\/3NtxkNj<\/a> y en <a href=\"https:\/\/bit.ly\/3UYNfp2\">https:\/\/bit.ly\/3UYNfp2<\/a>, respectivamente, de la web <a href=\"http:\/\/www.becal.gov.py\">www.becal.gov.py<\/a><\/p>\n\n\n\n<p>Con las 5 becas de Posdoctorados en Espa\u00f1a se financiar\u00e1n programas de estudios presenciales que inicien en el segundo semestre del 2023, espec\u00edficamente, desde 1 de setiembre al 31 de julio 2024. No se aceptar\u00e1n postdoctorados ya iniciados. Estas becas de estancias tienen como objetivo complementar la formaci\u00f3n postdoctoral de docentes universitarios paraguayos en universidades o centros de investigaci\u00f3n espa\u00f1oles.<\/p>\n\n\n\n<p>Las 11 becas de Canad\u00e1 son destinadas a financiar a los mejores candidatos para realizar un programa de maestr\u00eda de investigaci\u00f3n hasta una duraci\u00f3n m\u00e1xima de 24 meses y\/o de un doctorado que tenga una duraci\u00f3n m\u00e1xima de 48 meses. Se contabilizar\u00e1 desde el ingreso del becario al programa de estudio y los beneficios de la beca se otorgar\u00e1n desde la firma de contrato con BECAL. No se financiar\u00e1n maestr\u00edas ni doctorados ya iniciados. Se considerar\u00e1n maestr\u00edas en investigaci\u00f3n y doctorados que inicien en el segundo semestre del 2023.&nbsp;<\/p>\n\n\n\n<p>Las mismas cuentan con fuente de financiamiento del Fondo para la Excelencia de la Educaci\u00f3n y la Investigaci\u00f3n (FEEI).<\/p>\n\n\n\n<p>A trav\u00e9s de posgrados focalizados en maestr\u00edas, doctorados y posdoctorados en las mejores universidades del mundo, BECAL se orienta a fortalecer el capital humano avanzado del pa\u00eds. En 7 a\u00f1os, el Programa otorg\u00f3 2.730 becas a j\u00f3venes y profesionales provenientes de los 17 departamentos, a trav\u00e9s de 90 convocatorias, de los cuales 1.249 profesionales que han culminado alguna de las modalidades ya est\u00e1n de regreso al pa\u00eds.<\/p>\n<p>[learn_press_profile]<\/p>\n","protected":false},"excerpt":{"rendered":"<p>Hasta el mi\u00e9rcoles 29 de marzo hay tiempo para postularse a las cinco becas de estancias cortas de formaci\u00f3n postdoctoral en Espa\u00f1a, en convenio con la Fundaci\u00f3n Carolina; as\u00ed como tambi\u00e9n hasta el viernes 31 de marzo a las once para realizar Maestr\u00edas y Doctorados [&hellip;]<\/p>\n","protected":false},"author":2,"featured_media":15954,"comment_status":"closed","ping_status":"closed","sticky":false,"template":"","format":"standard","meta":{"footnotes":""},"categories":[1],"tags":[],"class_list":["post-15953","post","type-post","status-publish","format-standard","has-post-thumbnail","hentry","category-uncategorized"],"_links":{"self":[{"href":"https:\/\/migracion.becal.gov.py\/v2\/wp-json\/wp\/v2\/posts\/15953","targetHints":{"allow":["GET"]}}],"collection":[{"href":"https:\/\/migracion.becal.gov.py\/v2\/wp-json\/wp\/v2\/posts"}],"about":[{"href":"https:\/\/migracion.becal.gov.py\/v2\/wp-json\/wp\/v2\/types\/post"}],"author":[{"embeddable":true,"href":"https:\/\/migracion.becal.gov.py\/v2\/wp-json\/wp\/v2\/users\/2"}],"replies":[{"embeddable":true,"href":"https:\/\/migracion.becal.gov.py\/v2\/wp-json\/wp\/v2\/comments?post=15953"}],"version-history":[{"count":3,"href":"https:\/\/migracion.becal.gov.py\/v2\/wp-json\/wp\/v2\/posts\/15953\/revisions"}],"predecessor-version":[{"id":15995,"href":"https:\/\/migracion.becal.gov.py\/v2\/wp-json\/wp\/v2\/posts\/15953\/revisions\/15995"}],"wp:featuredmedia":[{"embeddable":true,"href":"https:\/\/migracion.becal.gov.py\/v2\/wp-json\/wp\/v2\/media\/15954"}],"wp:attachment":[{"href":"https:\/\/migracion.becal.gov.py\/v2\/wp-json\/wp\/v2\/media?parent=15953"}],"wp:term":[{"taxonomy":"category","embeddable":true,"href":"https:\/\/migracion.becal.gov.py\/v2\/wp-json\/wp\/v2\/categories?post=15953"},{"taxonomy":"post_tag","embeddable":true,"href":"https:\/\/migracion.becal.gov.py\/v2\/wp-json\/wp\/v2\/tags?post=15953"}],"curies":[{"name":"wp","href":"https:\/\/api.w.org\/{rel}","templated":true}]}}