{"id":16966,"date":"2023-04-10T11:56:25","date_gmt":"2023-04-10T11:56:25","guid":{"rendered":"https:\/\/becal.gov.py\/v2\/?p=16966"},"modified":"2023-04-10T11:57:09","modified_gmt":"2023-04-10T11:57:09","slug":"desde-hoy-se-habilita-postulacion-a-15-becas-tematicas-para-servidores-publicos","status":"publish","type":"post","link":"https:\/\/migracion.becal.gov.py\/v2\/2023\/04\/10\/desde-hoy-se-habilita-postulacion-a-15-becas-tematicas-para-servidores-publicos\/","title":{"rendered":"Desde hoy se habilita postulaci\u00f3n a 15 becas tem\u00e1ticas para servidores p\u00fablicos"},"content":{"rendered":"\n<p>El Programa Nacional de Becas de Posgrado en el Exterior \u201cDon Carlos Antonio L\u00f3pez\u201d (BECAL), dependiente del Ministerio de Hacienda, habilita desde hoy, martes 10 de abril, la postulaci\u00f3n a la V convocatoria de becas tem\u00e1ticas, destinadas a servidores p\u00fablicos. En este primer semestre, 10 cupos son para hacer Maestr\u00edas y 5 para Doctorados en las mejores universidades del mundo. El registro puede hacerse a trav\u00e9s del <a href=\"https:\/\/spi.conacyt.gov.py\/user\">https:\/\/spi.conacyt.gov.py\/user<\/a> hasta el jueves 25 de mayo del corriente. La Gu\u00eda de Bases y Condiciones (GBC) se encuentra disponible en <a href=\"https:\/\/bit.ly\/3KdiF7y\">https:\/\/bit.ly\/3KdiF7y<\/a> de la web <a href=\"http:\/\/www.becal.gov.py\">www.becal.gov.py<\/a><\/p>\n\n\n\n<p>Estas becas con la Modalidad Autogestionada est\u00e1n dirigidas a servidores p\u00fablicos permanentes del \u00e1rea de la Salud P\u00fablica, Seguridad Nacional y Desarrollo Econ\u00f3mico, que deseen realizar sus Maestr\u00edas y\/o Doctorados en el exterior en forma presencial.<\/p>\n\n\n\n<p>Las \u00e1reas elegibles por ejes tem\u00e1ticos, relacionadas a Salud P\u00fablica incluyen a Hematolog\u00eda; Cardiolog\u00eda; Reumatolog\u00eda; Medicina Cr\u00edtica; Cardiolog\u00eda Pedi\u00e1trica; Endocrinolog\u00eda; Cirug\u00eda Pedi\u00e1trica; Emergentolog\u00eda Pedi\u00e1trica; Terapia Intensiva para Adultos; Neurocirug\u00eda Pedi\u00e1trica; Terapia Intensiva Pedi\u00e1trica; Cardiocirug\u00eda Pedi\u00e1trica;<\/p>\n\n\n\n<p>Reumatolog\u00eda Pedi\u00e1trica; Epidemiolog\u00eda; Salud P\u00fablica; Bioestad\u00edstica; Gesti\u00f3n de Proyectos; Medicina Familiar y Comunitaria con \u00c9nfasis en Gesti\u00f3n; Administraci\u00f3n y Gesti\u00f3n Hospitalaria; y Geriatr\u00eda.<\/p>\n\n\n\n<p>En el \u00e1rea de Seguridad Nacional se prev\u00e9 para \u00e1reas de Planificaci\u00f3n Estrat\u00e9gica; Investigaci\u00f3n Criminal; y Ciberseguridad; mientras que en el Desarrollo Econ\u00f3mico las relacionadas a Administraci\u00f3n y Gesti\u00f3n de Recursos P\u00fablicos; Planificaci\u00f3n y Desarrollo Sustentable; Pol\u00edtica P\u00fablica; Desarrollo Agr\u00edcola; Planificaci\u00f3n Estrat\u00e9gica; Modernizaci\u00f3n e Innovaci\u00f3n P\u00fablica; Pol\u00edtica Econ\u00f3mica; Pol\u00edtica Fiscal; y Ciberseguridad.<\/p>\n\n\n\n<p>Cabe enfatizar que podr\u00e1n postularse servidores p\u00fablicos permanentes, que actualmente est\u00e1n prestando servicios en alguna de las instituciones p\u00fablicas elegibles y cumplan con los requisitos generales y espec\u00edficos determinados en la convocatoria.<\/p>\n\n\n\n<p>BECAL est\u00e1 orientado al fortalecimiento de capital humano avanzado para el pa\u00eds, especialmente, a trav\u00e9s de posgrados focalizados en maestr\u00edas, doctorados y posdoctorados en las mejores universidades del mundo.<\/p>\n","protected":false},"excerpt":{"rendered":"<p>El Programa Nacional de Becas de Posgrado en el Exterior \u201cDon Carlos Antonio L\u00f3pez\u201d (BECAL), dependiente del Ministerio de Hacienda, habilita desde hoy, martes 10 de abril, la postulaci\u00f3n a la V convocatoria de becas tem\u00e1ticas, destinadas a servidores p\u00fablicos. En este primer semestre, 10 [&hellip;]<\/p>\n","protected":false},"author":2,"featured_media":16968,"comment_status":"closed","ping_status":"closed","sticky":false,"template":"","format":"standard","meta":{"footnotes":""},"categories":[1],"tags":[],"class_list":["post-16966","post","type-post","status-publish","format-standard","has-post-thumbnail","hentry","category-uncategorized"],"_links":{"self":[{"href":"https:\/\/migracion.becal.gov.py\/v2\/wp-json\/wp\/v2\/posts\/16966","targetHints":{"allow":["GET"]}}],"collection":[{"href":"https:\/\/migracion.becal.gov.py\/v2\/wp-json\/wp\/v2\/posts"}],"about":[{"href":"https:\/\/migracion.becal.gov.py\/v2\/wp-json\/wp\/v2\/types\/post"}],"author":[{"embeddable":true,"href":"https:\/\/migracion.becal.gov.py\/v2\/wp-json\/wp\/v2\/users\/2"}],"replies":[{"embeddable":true,"href":"https:\/\/migracion.becal.gov.py\/v2\/wp-json\/wp\/v2\/comments?post=16966"}],"version-history":[{"count":1,"href":"https:\/\/migracion.becal.gov.py\/v2\/wp-json\/wp\/v2\/posts\/16966\/revisions"}],"predecessor-version":[{"id":16967,"href":"https:\/\/migracion.becal.gov.py\/v2\/wp-json\/wp\/v2\/posts\/16966\/revisions\/16967"}],"wp:featuredmedia":[{"embeddable":true,"href":"https:\/\/migracion.becal.gov.py\/v2\/wp-json\/wp\/v2\/media\/16968"}],"wp:attachment":[{"href":"https:\/\/migracion.becal.gov.py\/v2\/wp-json\/wp\/v2\/media?parent=16966"}],"wp:term":[{"taxonomy":"category","embeddable":true,"href":"https:\/\/migracion.becal.gov.py\/v2\/wp-json\/wp\/v2\/categories?post=16966"},{"taxonomy":"post_tag","embeddable":true,"href":"https:\/\/migracion.becal.gov.py\/v2\/wp-json\/wp\/v2\/tags?post=16966"}],"curies":[{"name":"wp","href":"https:\/\/api.w.org\/{rel}","templated":true}]}}