{"id":16984,"date":"2023-04-14T11:33:49","date_gmt":"2023-04-14T11:33:49","guid":{"rendered":"https:\/\/becal.gov.py\/v2\/?p=16984"},"modified":"2023-04-14T12:22:55","modified_gmt":"2023-04-14T12:22:55","slug":"ingeniero-agronomo-cursara-maestria-en-brasil-para-mejorar-servicio-en-analisis-de-suelo","status":"publish","type":"post","link":"https:\/\/migracion.becal.gov.py\/v2\/2023\/04\/14\/ingeniero-agronomo-cursara-maestria-en-brasil-para-mejorar-servicio-en-analisis-de-suelo\/","title":{"rendered":"Ingeniero agr\u00f3nomo har\u00e1 una Maestr\u00eda en Brasil para mejorar servicio en an\u00e1lisis de suelo"},"content":{"rendered":"\n<p>El ingeniero agr\u00f3nomo Carlos Villalba, residiendo actualmente en Capit\u00e1n Miranda, departamento de Itap\u00faa, obtuvo una beca del Programa Nacional de Becas de Posgrado en el Exterior \u201cDon Carlos Antonio L\u00f3pez\u201d (BECAL), para cursar una Maestr\u00eda en Suelos y Nutrici\u00f3n de Plantas en la Universidad de San Pablo (Brasil). Tras recibir esta formaci\u00f3n, el t\u00e9cnico proyecta brindar un mejor servicio desde el Instituto Paraguayo de Tecnolog\u00eda Agraria (IPTA), donde se desempe\u00f1a como t\u00e9cnico de laboratorio.<\/p>\n\n\n\n<p>Adem\u00e1s de ampliar sus conocimientos en la materia, el profesional espera poder traer paquetes tecnol\u00f3gicos nuevos del Brasil, al que considera uno de los m\u00e1s grandes referentes en cuanto a investigaci\u00f3n agraria. En ese sentido, proyecta colaborar con los productores para que puedan mejorar su calidad y manejo de suelo, y, por ende, su producci\u00f3n, favoreciendo as\u00ed la calidad de vida en el campo, mediante la rentabilidad de los cultivos.<\/p>\n\n\n\n<p>Villalba se dedica actualmente a realizar an\u00e1lisis f\u00edsico qu\u00edmico de muestras de suelo, que recibe de diferentes puntos del territorio nacional, a fin de determinar cu\u00e1les son los porcentajes de nutrientes que tienen.<\/p>\n\n\n\n<p>Posteriormente, el t\u00e9cnico prepara las recomendaciones de adecuaciones del suelo, ya sea aplicaci\u00f3n de cal agr\u00edcola o uso de fertilizante, para los diferentes cultivos que solicitan los productores, como tambi\u00e9n otras \u00e1reas de la instituci\u00f3n, seg\u00fan explic\u00f3.<\/p>\n\n\n\n<p>Ante este desaf\u00edo de formaci\u00f3n en el exterior, nuestro nuevo becario sostuvo que su expectativa es grande, ya que es la primera vez que saldr\u00e1 de su pa\u00eds para recibir capacitaci\u00f3n.<\/p>\n\n\n\n<p>\u201cTengo altas expectativas de poder reunir nuevos conocimientos, de crecer como persona y profesional, teniendo en cuenta que provengo de una familia bastante humilde, por lo que mi capacidad econ\u00f3mica jam\u00e1s me lo permitir\u00eda\u201d, dijo finalmente Villalba, quien anima a m\u00e1s profesionales paraguayos a postularse a las becas del Programa. \u201cSi su sue\u00f1o es formarse y ser \u00fatil al pa\u00eds, BECAL es su mejor oportunidad\u201d, concluy\u00f3.<\/p>\n\n\n\n<p>BECAL persigue su prop\u00f3sito de fortalecer la formaci\u00f3n de capital humano avanzado para el Paraguay, mediante los estudios de posgrados focalizados en maestr\u00edas, doctorados y posdoctorados en las m\u00e1s encumbradas universidades del mundo.<\/p>\n","protected":false},"excerpt":{"rendered":"<p>El ingeniero agr\u00f3nomo Carlos Villalba, residiendo actualmente en Capit\u00e1n Miranda, departamento de Itap\u00faa, obtuvo una beca del Programa Nacional de Becas de Posgrado en el Exterior \u201cDon Carlos Antonio L\u00f3pez\u201d (BECAL), para cursar una Maestr\u00eda en Suelos y Nutrici\u00f3n de Plantas en la Universidad de [&hellip;]<\/p>\n","protected":false},"author":2,"featured_media":16987,"comment_status":"closed","ping_status":"closed","sticky":false,"template":"","format":"standard","meta":{"footnotes":""},"categories":[1],"tags":[],"class_list":["post-16984","post","type-post","status-publish","format-standard","has-post-thumbnail","hentry","category-uncategorized"],"_links":{"self":[{"href":"https:\/\/migracion.becal.gov.py\/v2\/wp-json\/wp\/v2\/posts\/16984","targetHints":{"allow":["GET"]}}],"collection":[{"href":"https:\/\/migracion.becal.gov.py\/v2\/wp-json\/wp\/v2\/posts"}],"about":[{"href":"https:\/\/migracion.becal.gov.py\/v2\/wp-json\/wp\/v2\/types\/post"}],"author":[{"embeddable":true,"href":"https:\/\/migracion.becal.gov.py\/v2\/wp-json\/wp\/v2\/users\/2"}],"replies":[{"embeddable":true,"href":"https:\/\/migracion.becal.gov.py\/v2\/wp-json\/wp\/v2\/comments?post=16984"}],"version-history":[{"count":3,"href":"https:\/\/migracion.becal.gov.py\/v2\/wp-json\/wp\/v2\/posts\/16984\/revisions"}],"predecessor-version":[{"id":16988,"href":"https:\/\/migracion.becal.gov.py\/v2\/wp-json\/wp\/v2\/posts\/16984\/revisions\/16988"}],"wp:featuredmedia":[{"embeddable":true,"href":"https:\/\/migracion.becal.gov.py\/v2\/wp-json\/wp\/v2\/media\/16987"}],"wp:attachment":[{"href":"https:\/\/migracion.becal.gov.py\/v2\/wp-json\/wp\/v2\/media?parent=16984"}],"wp:term":[{"taxonomy":"category","embeddable":true,"href":"https:\/\/migracion.becal.gov.py\/v2\/wp-json\/wp\/v2\/categories?post=16984"},{"taxonomy":"post_tag","embeddable":true,"href":"https:\/\/migracion.becal.gov.py\/v2\/wp-json\/wp\/v2\/tags?post=16984"}],"curies":[{"name":"wp","href":"https:\/\/api.w.org\/{rel}","templated":true}]}}