{"id":17095,"date":"2023-05-11T11:28:48","date_gmt":"2023-05-11T11:28:48","guid":{"rendered":"https:\/\/becal.gov.py\/v2\/?p=17095"},"modified":"2023-05-11T11:29:47","modified_gmt":"2023-05-11T11:29:47","slug":"becal-llega-hoy-a-pilar-para-brindar-detalles-sobre-postulacion-a-becas-de-estudios-en-el-exterior","status":"publish","type":"post","link":"https:\/\/migracion.becal.gov.py\/v2\/2023\/05\/11\/becal-llega-hoy-a-pilar-para-brindar-detalles-sobre-postulacion-a-becas-de-estudios-en-el-exterior\/","title":{"rendered":"BECAL llega hoy a Pilar para brindar detalles sobre postulaci\u00f3n a becas de estudios en el exterior"},"content":{"rendered":"\n<p>El Programa Nacional de Becas de Posgrado en el Exterior \u201cDon Carlos Antonio L\u00f3pez\u201d (BECAL), dependiente del Ministerio de Hacienda, llega hoy, jueves 11, a Pilar para brindar detalles sobre postulaciones a las becas disponibles en este primer semestre del a\u00f1o. El encuentro con estudiantes, docentes, investigadores y profesionales del p\u00fablico en general se desarrollar\u00e1, a las 18:00, en el Sal\u00f3n de Actos de la Facultad de Humanidades y Ciencias de la Educaci\u00f3n de la Universidad Nacional de Pilar (UNP).<\/p>\n\n\n\n<p>Equipo t\u00e9cnico del Programa detallar\u00e1 sobre los tipos de becas y las modalidades que ofrece BECAL para posgrados y movilidad de grado en el exterior. Con las convocatorias bajo la Modalidad Autogestionada existen actualmente 81 becas disponibles, a las cuales pueden postularse hasta el martes 16 de mayo, a trav\u00e9s del Sistema de Postulaci\u00f3n a Instrumentos de Conacyt: <a href=\"https:\/\/spi.conacyt.gov.py\/user\">https:\/\/spi.conacyt.gov.py\/user<\/a><\/p>\n\n\n\n<p>Son para estudiar Maestr\u00edas, Doctorados y Posdoctorados; as\u00ed como Movilidad Internacional de Grado, dedicado a estudiantes universitarios. La Gu\u00eda de Bases y Condiciones (GBC) se encuentra disponible en <a href=\"https:\/\/bit.ly\/3EHt0GP\">https:\/\/bit.ly\/3EHt0GP<\/a> de la web <a href=\"http:\/\/www.becal.gov.py\">www.becal.gov.py<\/a><\/p>\n\n\n\n<p>Estas becas cuentan con fuente de financiamiento del Fondo para la Excelencia de la Educaci\u00f3n y la Investigaci\u00f3n (FEEI).<\/p>\n\n\n\n<p>BECAL tiene como objetivo general contribuir a aumentar los niveles de generaci\u00f3n y aplicaci\u00f3n de conocimiento en las \u00e1reas de Ciencia y Tecnolog\u00eda y los niveles de aprendizaje como en la educaci\u00f3n, a trav\u00e9s del mejoramiento de la oferta del Capital Humano Avanzado en dichas \u00e1reas.<\/p>\n\n\n\n<p>El Programa se orienta a fortalecer el capital humano avanzado del pa\u00eds a trav\u00e9s de posgrados focalizados en maestr\u00edas, doctorados y posdoctorados en las mejores universidades del mundo. Al cierre de marzo de este a\u00f1o, BECAL otorg\u00f3 2.826 becas a j\u00f3venes y profesionales provenientes de todos los departamentos, a trav\u00e9s de 106 convocatorias, de los cuales 1.488 profesionales, que han culminado alguna de las modalidades, ya est\u00e1n de regreso al pa\u00eds.<\/p>\n","protected":false},"excerpt":{"rendered":"<p>El Programa Nacional de Becas de Posgrado en el Exterior \u201cDon Carlos Antonio L\u00f3pez\u201d (BECAL), dependiente del Ministerio de Hacienda, llega hoy, jueves 11, a Pilar para brindar detalles sobre postulaciones a las becas disponibles en este primer semestre del a\u00f1o. El encuentro con estudiantes, [&hellip;]<\/p>\n","protected":false},"author":2,"featured_media":16910,"comment_status":"closed","ping_status":"closed","sticky":false,"template":"","format":"standard","meta":{"footnotes":""},"categories":[1],"tags":[],"class_list":["post-17095","post","type-post","status-publish","format-standard","has-post-thumbnail","hentry","category-uncategorized"],"_links":{"self":[{"href":"https:\/\/migracion.becal.gov.py\/v2\/wp-json\/wp\/v2\/posts\/17095","targetHints":{"allow":["GET"]}}],"collection":[{"href":"https:\/\/migracion.becal.gov.py\/v2\/wp-json\/wp\/v2\/posts"}],"about":[{"href":"https:\/\/migracion.becal.gov.py\/v2\/wp-json\/wp\/v2\/types\/post"}],"author":[{"embeddable":true,"href":"https:\/\/migracion.becal.gov.py\/v2\/wp-json\/wp\/v2\/users\/2"}],"replies":[{"embeddable":true,"href":"https:\/\/migracion.becal.gov.py\/v2\/wp-json\/wp\/v2\/comments?post=17095"}],"version-history":[{"count":1,"href":"https:\/\/migracion.becal.gov.py\/v2\/wp-json\/wp\/v2\/posts\/17095\/revisions"}],"predecessor-version":[{"id":17096,"href":"https:\/\/migracion.becal.gov.py\/v2\/wp-json\/wp\/v2\/posts\/17095\/revisions\/17096"}],"wp:featuredmedia":[{"embeddable":true,"href":"https:\/\/migracion.becal.gov.py\/v2\/wp-json\/wp\/v2\/media\/16910"}],"wp:attachment":[{"href":"https:\/\/migracion.becal.gov.py\/v2\/wp-json\/wp\/v2\/media?parent=17095"}],"wp:term":[{"taxonomy":"category","embeddable":true,"href":"https:\/\/migracion.becal.gov.py\/v2\/wp-json\/wp\/v2\/categories?post=17095"},{"taxonomy":"post_tag","embeddable":true,"href":"https:\/\/migracion.becal.gov.py\/v2\/wp-json\/wp\/v2\/tags?post=17095"}],"curies":[{"name":"wp","href":"https:\/\/api.w.org\/{rel}","templated":true}]}}