{"id":17435,"date":"2023-07-19T11:14:31","date_gmt":"2023-07-19T11:14:31","guid":{"rendered":"https:\/\/becal.gov.py\/v2\/?p=17435"},"modified":"2023-07-19T11:21:02","modified_gmt":"2023-07-19T11:21:02","slug":"becal-invita-a-docentes-de-los-sectores-publico-y-privado-subvencionado-a-postularse-a-becas-de-maestria-en-espana","status":"publish","type":"post","link":"https:\/\/migracion.becal.gov.py\/v2\/2023\/07\/19\/becal-invita-a-docentes-de-los-sectores-publico-y-privado-subvencionado-a-postularse-a-becas-de-maestria-en-espana\/","title":{"rendered":"BECAL invita a docentes de los sectores p\u00fablico y privado subvencionado a postularse a becas de Maestr\u00eda en Espa\u00f1a"},"content":{"rendered":"\n<p>El Programa Nacional de Becas de Posgrado en el Exterior \u201cDon Carlos Antonio L\u00f3pez\u201d (BECAL), dependiente del Ministerio de Hacienda, invita docentes de instituciones educativas p\u00fablicas y privadas subvencionadas de todo el pa\u00eds a postularse a 20 becas de Maestr\u00eda disponibles, que ser\u00e1n dictadas en la Universidad de Salamanca (Espa\u00f1a). Esta convocatoria, que se encuentra en plena vigencia, se extiende hasta el martes 01 de agosto.<\/p>\n\n\n\n<p>Son tres los programas de Maestr\u00edas a los que los educadores seleccionados deber\u00e1n asistir en forma presencial, y los cupos est\u00e1n distribuidos de la siguiente manera: 10 para M\u00e1ster Universitario en F\u00edsica y Matem\u00e1ticas; 5 para M\u00e1ster en Estudio Avanzado sobre Lenguaje y Comunicaci\u00f3n; y otros 5 para M\u00e1ster Universitario en Trastornos de la Comunicaci\u00f3n: Neurociencia de la Audici\u00f3n y del Lenguaje (Logopedia).<\/p>\n\n\n\n<p>Estos programas de estudio ser\u00e1n desarrollados desde octubre del a\u00f1o en curso, hasta agosto del 2024, lo que implica una inversi\u00f3n de USD 546.500 por parte del Estado paraguayo.<\/p>\n\n\n\n<p>Entre los beneficios a los que acceder\u00e1n los seleccionados figura la cobertura completa de la matr\u00edcula y tasas de gesti\u00f3n, seguro m\u00e9dico sin copago, adem\u00e1s de asignaci\u00f3n de manutenci\u00f3n mensual y por alojamiento. Asimismo, se prev\u00e9 el otorgamiento de una asignaci\u00f3n por materiales de colegiatura, otra \u00fanica para tasa de visado, y otra para compra de libros.<\/p>\n\n\n\n<p>Podr\u00e1n postularse a esta convocatoria los docentes que cuenten con matr\u00edcula y rubros del Ministerio de Educaci\u00f3n y Ciencias (MEC), y que est\u00e9n cumpliendo funciones en la instituci\u00f3n, con un m\u00ednimo de 3 a\u00f1os de servicio en la educaci\u00f3n, y no mayor a 20 a\u00f1os de antig\u00fcedad.<\/p>\n\n\n\n<p>La Gu\u00eda de Bases y Condiciones (GBC) se encuentra disponible en la web www.becal.gov.py secci\u00f3n Postulantes, Posgrado, Asistidas bit.ly\/46JHse7 La postulaci\u00f3n se debe realizar a trav\u00e9s de este enlace <a href=\"https:\/\/spi.conacyt.gov.py\/user\">https:\/\/spi.conacyt.gov.py\/user<\/a><\/p>\n\n\n\n<p>A fin de brindar detalles del proceso de postulaci\u00f3n a estas becas, el Programa convoca a los interesados la invitaci\u00f3n a participar de la sesi\u00f3n de mentor\u00eda online, a realizarse este viernes 21 de julio a las 14:00, mediante la plataforma Meet <a href=\"https:\/\/lc.cx\/wes328\">https:\/\/lc.cx\/wes328<\/a>.<\/p>\n\n\n\n<p>El Programa BECAL est\u00e1 orientado al fortalecimiento de Capital Humano Avanzado para el Paraguay, especialmente, a trav\u00e9s de posgrados focalizados en Maestr\u00edas, Doctorados y Posdoctorados en las mejores universidades, a nivel mundial.<\/p>\n","protected":false},"excerpt":{"rendered":"<p>El Programa Nacional de Becas de Posgrado en el Exterior \u201cDon Carlos Antonio L\u00f3pez\u201d (BECAL), dependiente del Ministerio de Hacienda, invita docentes de instituciones educativas p\u00fablicas y privadas subvencionadas de todo el pa\u00eds a postularse a 20 becas de Maestr\u00eda disponibles, que ser\u00e1n dictadas en [&hellip;]<\/p>\n","protected":false},"author":2,"featured_media":17298,"comment_status":"closed","ping_status":"closed","sticky":false,"template":"","format":"standard","meta":{"footnotes":""},"categories":[1],"tags":[],"class_list":["post-17435","post","type-post","status-publish","format-standard","has-post-thumbnail","hentry","category-uncategorized"],"_links":{"self":[{"href":"https:\/\/migracion.becal.gov.py\/v2\/wp-json\/wp\/v2\/posts\/17435","targetHints":{"allow":["GET"]}}],"collection":[{"href":"https:\/\/migracion.becal.gov.py\/v2\/wp-json\/wp\/v2\/posts"}],"about":[{"href":"https:\/\/migracion.becal.gov.py\/v2\/wp-json\/wp\/v2\/types\/post"}],"author":[{"embeddable":true,"href":"https:\/\/migracion.becal.gov.py\/v2\/wp-json\/wp\/v2\/users\/2"}],"replies":[{"embeddable":true,"href":"https:\/\/migracion.becal.gov.py\/v2\/wp-json\/wp\/v2\/comments?post=17435"}],"version-history":[{"count":1,"href":"https:\/\/migracion.becal.gov.py\/v2\/wp-json\/wp\/v2\/posts\/17435\/revisions"}],"predecessor-version":[{"id":17436,"href":"https:\/\/migracion.becal.gov.py\/v2\/wp-json\/wp\/v2\/posts\/17435\/revisions\/17436"}],"wp:featuredmedia":[{"embeddable":true,"href":"https:\/\/migracion.becal.gov.py\/v2\/wp-json\/wp\/v2\/media\/17298"}],"wp:attachment":[{"href":"https:\/\/migracion.becal.gov.py\/v2\/wp-json\/wp\/v2\/media?parent=17435"}],"wp:term":[{"taxonomy":"category","embeddable":true,"href":"https:\/\/migracion.becal.gov.py\/v2\/wp-json\/wp\/v2\/categories?post=17435"},{"taxonomy":"post_tag","embeddable":true,"href":"https:\/\/migracion.becal.gov.py\/v2\/wp-json\/wp\/v2\/tags?post=17435"}],"curies":[{"name":"wp","href":"https:\/\/api.w.org\/{rel}","templated":true}]}}