{"id":17499,"date":"2023-07-28T11:16:13","date_gmt":"2023-07-28T11:16:13","guid":{"rendered":"https:\/\/becal.gov.py\/v2\/?p=17499"},"modified":"2023-07-31T14:47:24","modified_gmt":"2023-07-31T14:47:24","slug":"becal-recuerda-a-interesados-en-becas-que-deben-finalizar-su-proceso-en-el-spi-para-que-su-postulacion-sea-valida","status":"publish","type":"post","link":"https:\/\/migracion.becal.gov.py\/v2\/2023\/07\/28\/becal-recuerda-a-interesados-en-becas-que-deben-finalizar-su-proceso-en-el-spi-para-que-su-postulacion-sea-valida\/","title":{"rendered":"BECAL recuerda a interesados en becas que deben finalizar su proceso en el SPI para que su postulaci\u00f3n sea v\u00e1lida"},"content":{"rendered":"\n<p>A fin de dar validez a las postulaciones, interesados en becas deben finalizar su proceso en el Sistema de Postulaci\u00f3n a Instrumentos (SPI), inform\u00f3 el Programa Nacional de Becas de Posgrados en el Exterior \u201cDon Carlos Antonio L\u00f3pez\u201d (BECAL), dependiente del Ministerio de Hacienda.<\/p>\n\n\n\n<p>Con relaci\u00f3n a la convocatoria actualmente en vigencia, docentes de instituciones educativas p\u00fablicas y privadas subvencionadas que deseen cursar una Maestr\u00eda en Espa\u00f1a, tienen tiempo hasta las 15:00 del martes 1 de agosto para postularse.<\/p>\n\n\n\n<p>En ese sentido, el Programa insta una vez m\u00e1s a los educadores de estos sectores a informarse sobre estas oportunidades de formaci\u00f3n en la Gu\u00eda de Bases y Condiciones, visitando el sitio web <a href=\"http:\/\/www.becal.gov.py\">www.becal.gov.py<\/a>, apartado Postulantes, Posgrado, Asistidas bit.ly\/46JHse7. La postulaci\u00f3n debe realizarse a trav\u00e9s de este enlace <a href=\"https:\/\/spi.conacyt.gov.py\/user\">https:\/\/spi.conacyt.gov.py\/user<\/a><\/p>\n\n\n\n<p>Los cupos disponibles, que son 20 en total, est\u00e1n distribuidos en tres programas de estudio, a ser dictados en la Universidad de Salamanca: 10 lugares para M\u00e1ster Universitario en F\u00edsica y Matem\u00e1ticas; 5 plazas para M\u00e1ster en Estudio Avanzado sobre Lenguaje y Comunicaci\u00f3n; y otras 5 para M\u00e1ster Universitario en Trastornos de la Comunicaci\u00f3n: Neurociencia de la Audici\u00f3n y del Lenguaje (Logopedia).<\/p>\n\n\n\n<p>Mediante estudios de posgrados focalizados en maestr\u00edas, doctorados y posdoctorados en las mejores universidades del mundo, BECAL persigue su prop\u00f3sito de fortalecer la formaci\u00f3n de capital humano avanzado para el Paraguay.<\/p>\n","protected":false},"excerpt":{"rendered":"<p>A fin de dar validez a las postulaciones, interesados en becas deben finalizar su proceso en el Sistema de Postulaci\u00f3n a Instrumentos (SPI), inform\u00f3 el Programa Nacional de Becas de Posgrados en el Exterior \u201cDon Carlos Antonio L\u00f3pez\u201d (BECAL), dependiente del Ministerio de Hacienda. Con [&hellip;]<\/p>\n","protected":false},"author":2,"featured_media":17519,"comment_status":"closed","ping_status":"closed","sticky":false,"template":"","format":"standard","meta":{"footnotes":""},"categories":[1],"tags":[],"class_list":["post-17499","post","type-post","status-publish","format-standard","has-post-thumbnail","hentry","category-uncategorized"],"_links":{"self":[{"href":"https:\/\/migracion.becal.gov.py\/v2\/wp-json\/wp\/v2\/posts\/17499","targetHints":{"allow":["GET"]}}],"collection":[{"href":"https:\/\/migracion.becal.gov.py\/v2\/wp-json\/wp\/v2\/posts"}],"about":[{"href":"https:\/\/migracion.becal.gov.py\/v2\/wp-json\/wp\/v2\/types\/post"}],"author":[{"embeddable":true,"href":"https:\/\/migracion.becal.gov.py\/v2\/wp-json\/wp\/v2\/users\/2"}],"replies":[{"embeddable":true,"href":"https:\/\/migracion.becal.gov.py\/v2\/wp-json\/wp\/v2\/comments?post=17499"}],"version-history":[{"count":1,"href":"https:\/\/migracion.becal.gov.py\/v2\/wp-json\/wp\/v2\/posts\/17499\/revisions"}],"predecessor-version":[{"id":17520,"href":"https:\/\/migracion.becal.gov.py\/v2\/wp-json\/wp\/v2\/posts\/17499\/revisions\/17520"}],"wp:featuredmedia":[{"embeddable":true,"href":"https:\/\/migracion.becal.gov.py\/v2\/wp-json\/wp\/v2\/media\/17519"}],"wp:attachment":[{"href":"https:\/\/migracion.becal.gov.py\/v2\/wp-json\/wp\/v2\/media?parent=17499"}],"wp:term":[{"taxonomy":"category","embeddable":true,"href":"https:\/\/migracion.becal.gov.py\/v2\/wp-json\/wp\/v2\/categories?post=17499"},{"taxonomy":"post_tag","embeddable":true,"href":"https:\/\/migracion.becal.gov.py\/v2\/wp-json\/wp\/v2\/tags?post=17499"}],"curies":[{"name":"wp","href":"https:\/\/api.w.org\/{rel}","templated":true}]}}