{"id":17516,"date":"2023-07-31T11:32:48","date_gmt":"2023-07-31T11:32:48","guid":{"rendered":"https:\/\/becal.gov.py\/v2\/?p=17516"},"modified":"2023-07-31T11:40:32","modified_gmt":"2023-07-31T11:40:32","slug":"docentes-pueden-postularse-hasta-manana-a-20-becas-de-maestria-en-espana","status":"publish","type":"post","link":"https:\/\/migracion.becal.gov.py\/v2\/2023\/07\/31\/docentes-pueden-postularse-hasta-manana-a-20-becas-de-maestria-en-espana\/","title":{"rendered":"Docentes pueden postularse hasta ma\u00f1ana a 20 becas de Maestr\u00eda en Espa\u00f1a"},"content":{"rendered":"\n<p>Ma\u00f1ana martes, 01 de agosto a las 15:00, vence el plazo de postulaci\u00f3n a 20 becas de Maestr\u00eda en Espa\u00f1a, dirigidas a docentes de instituciones educativas p\u00fablicas y privadas subvencionadas de todo el pa\u00eds. Las mismas ser\u00e1n otorgadas a trav\u00e9s del Programa Nacional de Becas de Posgrado en el Exterior \u201cDon Carlos Antonio L\u00f3pez\u201d (BECAL), dependiente del Ministerio de Hacienda.<\/p>\n\n\n\n<p>Los 20 cupos disponibles se distribuyen en tres programas de estudio, que ser\u00e1n dictados en la Universidad de Salamanca: 10 para M\u00e1ster Universitario en F\u00edsica y Matem\u00e1ticas; 5 para M\u00e1ster en Estudio Avanzado sobre Lenguaje y Comunicaci\u00f3n; y otros 5 para M\u00e1ster Universitario en Trastornos de la Comunicaci\u00f3n: Neurociencia de la Audici\u00f3n y del Lenguaje (Logopedia).<\/p>\n\n\n\n<p>Al respecto, el Programa insta a los educadores de estos sectores a informarse sobre estas oportunidades de formaci\u00f3n en la Gu\u00eda de Bases y Condiciones, visitando el portal www.becal.gov.py, apartado Postulantes, Posgrado, Asistidas bit.ly\/46JHse7. La postulaci\u00f3n debe realizarse a trav\u00e9s de este enlace https:\/\/spi.conacyt.gov.py\/user<\/p>\n\n\n\n<p>Entre los beneficios a los que acceder\u00e1n los seleccionados figura la cobertura completa de la matr\u00edcula y tasas de gesti\u00f3n, seguro m\u00e9dico sin copago, adem\u00e1s de asignaci\u00f3n de manutenci\u00f3n mensual y por alojamiento. Asimismo, se prev\u00e9 el otorgamiento de una asignaci\u00f3n por materiales de colegiatura, otra \u00fanica para tasa de visado, y otra para compra de libros.<\/p>\n\n\n\n<p>Pueden postularse a esta convocatoria los docentes que cuenten con matr\u00edcula y rubros del Ministerio de Educaci\u00f3n y Ciencias (MEC), y que est\u00e9n cumpliendo funciones en la instituci\u00f3n, con un m\u00ednimo de 3 a\u00f1os de servicio en la educaci\u00f3n, y no mayor a 20 a\u00f1os de antig\u00fcedad.<\/p>\n\n\n\n<p>Estos programas, que demandan una inversi\u00f3n de USD 546.500 por parte del Estado paraguayo, ser\u00e1n desarrollados desde octubre del a\u00f1o en curso, hasta agosto del 2024.<\/p>\n\n\n\n<p>El Programa BECAL est\u00e1 orientado al fortalecimiento de Capital Humano Avanzado para el Paraguay, especialmente, a trav\u00e9s de posgrados focalizados en Maestr\u00edas, Doctorados y Posdoctorados en las mejores universidades, a nivel mundial.<\/p>\n","protected":false},"excerpt":{"rendered":"<p>Ma\u00f1ana martes, 01 de agosto a las 15:00, vence el plazo de postulaci\u00f3n a 20 becas de Maestr\u00eda en Espa\u00f1a, dirigidas a docentes de instituciones educativas p\u00fablicas y privadas subvencionadas de todo el pa\u00eds. Las mismas ser\u00e1n otorgadas a trav\u00e9s del Programa Nacional de Becas [&hellip;]<\/p>\n","protected":false},"author":2,"featured_media":16910,"comment_status":"closed","ping_status":"closed","sticky":false,"template":"","format":"standard","meta":{"footnotes":""},"categories":[1],"tags":[],"class_list":["post-17516","post","type-post","status-publish","format-standard","has-post-thumbnail","hentry","category-uncategorized"],"_links":{"self":[{"href":"https:\/\/migracion.becal.gov.py\/v2\/wp-json\/wp\/v2\/posts\/17516","targetHints":{"allow":["GET"]}}],"collection":[{"href":"https:\/\/migracion.becal.gov.py\/v2\/wp-json\/wp\/v2\/posts"}],"about":[{"href":"https:\/\/migracion.becal.gov.py\/v2\/wp-json\/wp\/v2\/types\/post"}],"author":[{"embeddable":true,"href":"https:\/\/migracion.becal.gov.py\/v2\/wp-json\/wp\/v2\/users\/2"}],"replies":[{"embeddable":true,"href":"https:\/\/migracion.becal.gov.py\/v2\/wp-json\/wp\/v2\/comments?post=17516"}],"version-history":[{"count":2,"href":"https:\/\/migracion.becal.gov.py\/v2\/wp-json\/wp\/v2\/posts\/17516\/revisions"}],"predecessor-version":[{"id":17518,"href":"https:\/\/migracion.becal.gov.py\/v2\/wp-json\/wp\/v2\/posts\/17516\/revisions\/17518"}],"wp:featuredmedia":[{"embeddable":true,"href":"https:\/\/migracion.becal.gov.py\/v2\/wp-json\/wp\/v2\/media\/16910"}],"wp:attachment":[{"href":"https:\/\/migracion.becal.gov.py\/v2\/wp-json\/wp\/v2\/media?parent=17516"}],"wp:term":[{"taxonomy":"category","embeddable":true,"href":"https:\/\/migracion.becal.gov.py\/v2\/wp-json\/wp\/v2\/categories?post=17516"},{"taxonomy":"post_tag","embeddable":true,"href":"https:\/\/migracion.becal.gov.py\/v2\/wp-json\/wp\/v2\/tags?post=17516"}],"curies":[{"name":"wp","href":"https:\/\/api.w.org\/{rel}","templated":true}]}}