{"id":17571,"date":"2023-08-10T11:23:50","date_gmt":"2023-08-10T11:23:50","guid":{"rendered":"https:\/\/becal.gov.py\/v2\/?p=17571"},"modified":"2023-08-10T11:25:30","modified_gmt":"2023-08-10T11:25:30","slug":"becal-llega-hoy-a-villarrica-y-manana-a-coronel-oviedo-para-brindar-informacion-sobre-becas","status":"publish","type":"post","link":"https:\/\/migracion.becal.gov.py\/v2\/2023\/08\/10\/becal-llega-hoy-a-villarrica-y-manana-a-coronel-oviedo-para-brindar-informacion-sobre-becas\/","title":{"rendered":"BECAL llega hoy a Villarrica y ma\u00f1ana a Coronel Oviedo para brindar informaci\u00f3n sobre becas"},"content":{"rendered":"\n<p>El Programa Nacional de Becas de Posgrados en el Exterior \u201cDon Carlos Antonio L\u00f3pez\u201d (BECAL), dependiente del Ministerio de Hacienda, llega hoy, jueves 10, a Villarrica para brindar informaci\u00f3n sobre las oportunidades que llegan en este segundo semestre del a\u00f1o. El encuentro con estudiantes, docentes, investigadores y profesionales del p\u00fablico en general se desarrollar\u00e1, a las 18:00, en la Facultad Polit\u00e9cnica de la Universidad Nacional de Asunci\u00f3n (UNA) &#8211; Filial Villarrica.<\/p>\n\n\n\n<p>Igualmente, ma\u00f1ana viernes 11, representantes del Programa estar\u00e1 a las 19:00 en la Facultad Polit\u00e9cnica de la misma universidad, pero de la Filial Coronel Oviedo. Ambas participaciones de BECAL se desarrollan en el marco de la Feria de Propuestas Informativas sobre Movilidad Acad\u00e9mica, organizada por la Polit\u00e9cnica de la UNA.<\/p>\n\n\n\n<p>En la oportunidad, la coordinadora general del Programa, Andrea Picaso, dar\u00e1 detalles sobre los tipos de becas y las modalidades que ofrece para posgrados y movilidad de grado en el exterior e idiomas en el pa\u00eds.<\/p>\n\n\n\n<p>Ma\u00f1ana tambi\u00e9n se desarrollar\u00e1 una charla en formato virtual y presencial en la Universidad Nacional de Caaguaz\u00fa (UNCA) sobre las oportunidades que ofrecer\u00e1 el Programa.<\/p>\n\n\n\n<p>BECAL tiene como objetivo general contribuir a aumentar los niveles de generaci\u00f3n y aplicaci\u00f3n de conocimiento en las \u00e1reas de Ciencia y Tecnolog\u00eda y los niveles de aprendizaje como en la educaci\u00f3n, a trav\u00e9s del mejoramiento de la oferta del Capital Humano Avanzado en dichas \u00e1reas.<\/p>\n\n\n\n<p>El Programa se orienta a fortalecer el capital humano avanzado del pa\u00eds a trav\u00e9s de posgrados focalizados en maestr\u00edas, doctorados y posdoctorados en las mejores universidades del mundo. En 8 a\u00f1os, BECAL otorg\u00f3 2.826 becas a j\u00f3venes y profesionales provenientes de los 17 departamentos, a trav\u00e9s de 106 convocatorias, de los cuales 1.488 profesionales que han culminado alguna de las modalidades ya est\u00e1n de regreso al pa\u00eds.<\/p>\n","protected":false},"excerpt":{"rendered":"<p>El Programa Nacional de Becas de Posgrados en el Exterior \u201cDon Carlos Antonio L\u00f3pez\u201d (BECAL), dependiente del Ministerio de Hacienda, llega hoy, jueves 10, a Villarrica para brindar informaci\u00f3n sobre las oportunidades que llegan en este segundo semestre del a\u00f1o. El encuentro con estudiantes, docentes, [&hellip;]<\/p>\n","protected":false},"author":2,"featured_media":17069,"comment_status":"closed","ping_status":"closed","sticky":false,"template":"","format":"standard","meta":{"footnotes":""},"categories":[1],"tags":[],"class_list":["post-17571","post","type-post","status-publish","format-standard","has-post-thumbnail","hentry","category-uncategorized"],"_links":{"self":[{"href":"https:\/\/migracion.becal.gov.py\/v2\/wp-json\/wp\/v2\/posts\/17571","targetHints":{"allow":["GET"]}}],"collection":[{"href":"https:\/\/migracion.becal.gov.py\/v2\/wp-json\/wp\/v2\/posts"}],"about":[{"href":"https:\/\/migracion.becal.gov.py\/v2\/wp-json\/wp\/v2\/types\/post"}],"author":[{"embeddable":true,"href":"https:\/\/migracion.becal.gov.py\/v2\/wp-json\/wp\/v2\/users\/2"}],"replies":[{"embeddable":true,"href":"https:\/\/migracion.becal.gov.py\/v2\/wp-json\/wp\/v2\/comments?post=17571"}],"version-history":[{"count":1,"href":"https:\/\/migracion.becal.gov.py\/v2\/wp-json\/wp\/v2\/posts\/17571\/revisions"}],"predecessor-version":[{"id":17572,"href":"https:\/\/migracion.becal.gov.py\/v2\/wp-json\/wp\/v2\/posts\/17571\/revisions\/17572"}],"wp:featuredmedia":[{"embeddable":true,"href":"https:\/\/migracion.becal.gov.py\/v2\/wp-json\/wp\/v2\/media\/17069"}],"wp:attachment":[{"href":"https:\/\/migracion.becal.gov.py\/v2\/wp-json\/wp\/v2\/media?parent=17571"}],"wp:term":[{"taxonomy":"category","embeddable":true,"href":"https:\/\/migracion.becal.gov.py\/v2\/wp-json\/wp\/v2\/categories?post=17571"},{"taxonomy":"post_tag","embeddable":true,"href":"https:\/\/migracion.becal.gov.py\/v2\/wp-json\/wp\/v2\/tags?post=17571"}],"curies":[{"name":"wp","href":"https:\/\/api.w.org\/{rel}","templated":true}]}}