{"id":17757,"date":"2023-09-01T11:38:50","date_gmt":"2023-09-01T11:38:50","guid":{"rendered":"https:\/\/becal.gov.py\/v2\/?p=17757"},"modified":"2023-09-01T11:46:51","modified_gmt":"2023-09-01T11:46:51","slug":"becal-informa-nomina-de-docentes-y-profesionales-de-la-educacion-que-cursaran-maestrias-en-espana","status":"publish","type":"post","link":"https:\/\/migracion.becal.gov.py\/v2\/2023\/09\/01\/becal-informa-nomina-de-docentes-y-profesionales-de-la-educacion-que-cursaran-maestrias-en-espana\/","title":{"rendered":"BECAL informa n\u00f3mina de docentes y profesionales de la educaci\u00f3n que cursar\u00e1n maestr\u00edas en Espa\u00f1a"},"content":{"rendered":"\n<p>El Programa Nacional de Becas de Posgrados en el Exterior \u201cDon Carlos Antonio L\u00f3pez\u201d (BECAL), dependiente del Ministerio de Econom\u00eda y Finanzas, firme en su prop\u00f3sito de contribuir al desarrollo del pa\u00eds mediante la formaci\u00f3n de capital humano avanzado, da a conocer los profesionales docentes del Ministerio de Educaci\u00f3n y Ciencias (MEC), de instituciones educativas p\u00fablicas y privadas subvencionadas, que cursar\u00e1n maestr\u00edas en Espa\u00f1a. <\/p>\n\n\n\n<p>La n\u00f3mina de los educadores seleccionados para estudiar en la Universidad de Salamanca est\u00e1 disponible en la Secci\u00f3n Postulantes, Tipo de Becas, Asistidas.<\/p>\n\n\n\n<p>Los programas de estudio a ser desarrollados en esta oportunidad son M\u00e1ster Universitario en F\u00edsica y Matem\u00e1ticas, M\u00e1ster en Estudio Avanzado sobre Lenguaje y Comunicaci\u00f3n; y M\u00e1ster Universitario en Trastornos de la Comunicaci\u00f3n: Neurociencia de la Audici\u00f3n y del Lenguaje (Logopedia).<\/p>\n\n\n\n<p>Entre los beneficios que recibir\u00e1n los nuevos becarios figura la cobertura del pasaje de ida y vuelta, asignaci\u00f3n de manutenci\u00f3n mensual durante el periodo de estudio, seguro m\u00e9dico completo, sin copago, asignaci\u00f3n \u00fanica para instalaci\u00f3n y regreso, adem\u00e1s de una asignaci\u00f3n para compra de libros y\/o materiales.<\/p>\n\n\n\n<p>Mediante el otorgamiento de estas oportunidades de formaci\u00f3n en el exterior, el Programa BECAL apunta a contribuir con el aumento de los niveles de generaci\u00f3n y aplicaci\u00f3n de conocimiento en las \u00e1reas de Ciencia y Tecnolog\u00eda, y los niveles de aprendizaje como en la educaci\u00f3n, a trav\u00e9s del mejoramiento de la oferta del capital humano avanzado en estos \u00e1mbitos.<\/p>\n","protected":false},"excerpt":{"rendered":"<p>El Programa Nacional de Becas de Posgrados en el Exterior \u201cDon Carlos Antonio L\u00f3pez\u201d (BECAL), dependiente del Ministerio de Econom\u00eda y Finanzas, firme en su prop\u00f3sito de contribuir al desarrollo del pa\u00eds mediante la formaci\u00f3n de capital humano avanzado, da a conocer los profesionales docentes [&hellip;]<\/p>\n","protected":false},"author":2,"featured_media":10672,"comment_status":"closed","ping_status":"closed","sticky":false,"template":"","format":"standard","meta":{"footnotes":""},"categories":[1],"tags":[],"class_list":["post-17757","post","type-post","status-publish","format-standard","has-post-thumbnail","hentry","category-uncategorized"],"_links":{"self":[{"href":"https:\/\/migracion.becal.gov.py\/v2\/wp-json\/wp\/v2\/posts\/17757","targetHints":{"allow":["GET"]}}],"collection":[{"href":"https:\/\/migracion.becal.gov.py\/v2\/wp-json\/wp\/v2\/posts"}],"about":[{"href":"https:\/\/migracion.becal.gov.py\/v2\/wp-json\/wp\/v2\/types\/post"}],"author":[{"embeddable":true,"href":"https:\/\/migracion.becal.gov.py\/v2\/wp-json\/wp\/v2\/users\/2"}],"replies":[{"embeddable":true,"href":"https:\/\/migracion.becal.gov.py\/v2\/wp-json\/wp\/v2\/comments?post=17757"}],"version-history":[{"count":2,"href":"https:\/\/migracion.becal.gov.py\/v2\/wp-json\/wp\/v2\/posts\/17757\/revisions"}],"predecessor-version":[{"id":17759,"href":"https:\/\/migracion.becal.gov.py\/v2\/wp-json\/wp\/v2\/posts\/17757\/revisions\/17759"}],"wp:featuredmedia":[{"embeddable":true,"href":"https:\/\/migracion.becal.gov.py\/v2\/wp-json\/wp\/v2\/media\/10672"}],"wp:attachment":[{"href":"https:\/\/migracion.becal.gov.py\/v2\/wp-json\/wp\/v2\/media?parent=17757"}],"wp:term":[{"taxonomy":"category","embeddable":true,"href":"https:\/\/migracion.becal.gov.py\/v2\/wp-json\/wp\/v2\/categories?post=17757"},{"taxonomy":"post_tag","embeddable":true,"href":"https:\/\/migracion.becal.gov.py\/v2\/wp-json\/wp\/v2\/tags?post=17757"}],"curies":[{"name":"wp","href":"https:\/\/api.w.org\/{rel}","templated":true}]}}