{"id":17810,"date":"2023-09-18T13:20:31","date_gmt":"2023-09-18T13:20:31","guid":{"rendered":"https:\/\/becal.gov.py\/v2\/?p=17810"},"modified":"2023-09-18T14:12:40","modified_gmt":"2023-09-18T14:12:40","slug":"exbecarios-de-becal-podran-concursar-por-iniciativas-academicas-y-proyectos-sociales","status":"publish","type":"post","link":"https:\/\/migracion.becal.gov.py\/v2\/2023\/09\/18\/exbecarios-de-becal-podran-concursar-por-iniciativas-academicas-y-proyectos-sociales\/","title":{"rendered":"Exbecarios de BECAL podr\u00e1n concursar por iniciativas acad\u00e9micas y proyectos sociales"},"content":{"rendered":"\n<p>El Programa Nacional de Becas de Posgrado en el Exterior \u201cDon Carlos Antonio L\u00f3pez\u201d (BECAL), junto con el Banco Interamericano de Desarrollo (BID), presenta la convocatoria \u201cDon Carlos \u2013 BID\u201d, en la que llama a exbecarios a presentar proyectos sociales e iniciativas acad\u00e9micas que podr\u00e1n ser financiadas con hasta US$ 10.000.<\/p>\n\n\n\n<p>BECAL, dependiente del Ministerio de Econom\u00eda y Finanzas (MEF), presenta esta oportunidad por primera vez en ocho a\u00f1os. El objetivo principal es incentivar a los profesionales para que sigan contribuyendo dentro de sus comunidades con la implementaci\u00f3n de proyectos sociales e iniciativas acad\u00e9micas investigativas.<\/p>\n\n\n\n<p>Ser\u00e1n tres las iniciativas que recibir\u00e1n el acompa\u00f1amiento financiero del BID: un proyecto social que puede recibir hasta US$ 4.000 y dos iniciativas acad\u00e9micas con hasta US$ 3.000 d\u00f3lares cada una.<\/p>\n\n\n\n<p>Esta convocatoria dirigida a exbecarios de BECAL cuenta con una Gu\u00eda de Bases y Condiciones (GBC) disponible en la primera p\u00e1gina de <a href=\"http:\/\/www.becal.gov.py\">www.becal.gov.py<\/a>. La postulaci\u00f3n debe hacerse a trav\u00e9s de Google Forms: <a href=\"https:\/\/docs.google.com\/forms\/d\/e\/1FAIpQLSeNh_coaJuJsQKZ33V8xD3PVWXz1tVhbmHuit3y9uWoDV1rCA\/viewform\">https:\/\/docs.google.com\/forms\/d\/e\/1FAIpQLSeNh_coaJuJsQKZ33V8xD3PVWXz1tVhbmHuit3y9uWoDV1rCA\/viewform<\/a>, a partir del lunes 18 de septiembre hasta el 22 de octubre del corriente, a las 15:00. La publicaci\u00f3n de la lista de seleccionados se har\u00e1 en la primera semana de noviembre y la entrega de Premios en la tercera semana de noviembre.<\/p>\n\n\n\n<p>La postulaci\u00f3n puede ser individual o grupal. En caso de las postulaciones grupales se debe declarar como responsable o coordinador del proyecto a un miembro y especificar el rol de cada uno de los otros integrantes del equipo. En el caso de las Asociaciones de exbecarios, deber\u00e1n especificar los roles que desempe\u00f1ar\u00e1n cada uno de los integrantes del equipo t\u00e9cnico. Se admitir\u00e1 una \u00fanica postulaci\u00f3n por persona f\u00edsica y\/o jur\u00eddica.<\/p>\n\n\n\n<p>La ejecuci\u00f3n del proyecto propuesto no tiene que ser mayor de 180 d\u00edas h\u00e1biles a partir de su adjudicaci\u00f3n. Al cumplir dicho plazo, se solicitar\u00e1 un informe de cierre de proyecto. Es obligaci\u00f3n del postulante y\/o los postulantes mantenerse informados sobre el proceso de la convocatoria.<\/p>\n\n\n\n<p>BECAL cuenta a junio de 2023 con 1.518 exbecarios de alguna de las modalidades del Programa. Desde el 2015 otorg\u00f3 2.970 becas a j\u00f3venes y profesionales provenientes de los 17 departamentos, a trav\u00e9s de 108 convocatorias. A trav\u00e9s de posgrados focalizados en maestr\u00edas, doctorados y posdoctorados en las mejores universidades del mundo se orienta a fortalecer el capital humano avanzado del pa\u00eds.<\/p>\n","protected":false},"excerpt":{"rendered":"<p>El Programa Nacional de Becas de Posgrado en el Exterior \u201cDon Carlos Antonio L\u00f3pez\u201d (BECAL), junto con el Banco Interamericano de Desarrollo (BID), presenta la convocatoria \u201cDon Carlos \u2013 BID\u201d, en la que llama a exbecarios a presentar proyectos sociales e iniciativas acad\u00e9micas que podr\u00e1n [&hellip;]<\/p>\n","protected":false},"author":2,"featured_media":17812,"comment_status":"closed","ping_status":"closed","sticky":false,"template":"","format":"standard","meta":{"footnotes":""},"categories":[1],"tags":[],"class_list":["post-17810","post","type-post","status-publish","format-standard","has-post-thumbnail","hentry","category-uncategorized"],"_links":{"self":[{"href":"https:\/\/migracion.becal.gov.py\/v2\/wp-json\/wp\/v2\/posts\/17810","targetHints":{"allow":["GET"]}}],"collection":[{"href":"https:\/\/migracion.becal.gov.py\/v2\/wp-json\/wp\/v2\/posts"}],"about":[{"href":"https:\/\/migracion.becal.gov.py\/v2\/wp-json\/wp\/v2\/types\/post"}],"author":[{"embeddable":true,"href":"https:\/\/migracion.becal.gov.py\/v2\/wp-json\/wp\/v2\/users\/2"}],"replies":[{"embeddable":true,"href":"https:\/\/migracion.becal.gov.py\/v2\/wp-json\/wp\/v2\/comments?post=17810"}],"version-history":[{"count":3,"href":"https:\/\/migracion.becal.gov.py\/v2\/wp-json\/wp\/v2\/posts\/17810\/revisions"}],"predecessor-version":[{"id":17814,"href":"https:\/\/migracion.becal.gov.py\/v2\/wp-json\/wp\/v2\/posts\/17810\/revisions\/17814"}],"wp:featuredmedia":[{"embeddable":true,"href":"https:\/\/migracion.becal.gov.py\/v2\/wp-json\/wp\/v2\/media\/17812"}],"wp:attachment":[{"href":"https:\/\/migracion.becal.gov.py\/v2\/wp-json\/wp\/v2\/media?parent=17810"}],"wp:term":[{"taxonomy":"category","embeddable":true,"href":"https:\/\/migracion.becal.gov.py\/v2\/wp-json\/wp\/v2\/categories?post=17810"},{"taxonomy":"post_tag","embeddable":true,"href":"https:\/\/migracion.becal.gov.py\/v2\/wp-json\/wp\/v2\/tags?post=17810"}],"curies":[{"name":"wp","href":"https:\/\/api.w.org\/{rel}","templated":true}]}}