{"id":18071,"date":"2023-10-27T12:22:58","date_gmt":"2023-10-27T12:22:58","guid":{"rendered":"https:\/\/becal.gov.py\/v2\/?p=18071"},"modified":"2023-10-27T12:26:39","modified_gmt":"2023-10-27T12:26:39","slug":"becal-realizo-segundo-taller-para-identificar-areas-de-mayor-necesidad-para-formacion-de-profesionales-del-sector-productivo","status":"publish","type":"post","link":"https:\/\/migracion.becal.gov.py\/v2\/2023\/10\/27\/becal-realizo-segundo-taller-para-identificar-areas-de-mayor-necesidad-para-formacion-de-profesionales-del-sector-productivo\/","title":{"rendered":"BECAL realiz\u00f3 segundo taller para identificar \u00e1reas de mayor necesidad para formaci\u00f3n de profesionales del sector productivo"},"content":{"rendered":"\n<p>Prosiguiendo con la serie de talleres para identificar las \u00e1reas de mayor necesidad de formaci\u00f3n de capital humano avanzado, el Programa Nacional de Becas de Postgrado en el exterior \u201cDon Carlos Antonio L\u00f3pez\u201d (BECAL) realiz\u00f3 ayer el segundo encuentro, \u00e9sta vez orientado al sector productivo. <br><br>Entendiendo que el sector productivo es el motor que impulsa no s\u00f3lo el crecimiento econ\u00f3mico sino tambi\u00e9n la innovaci\u00f3n en Paraguay y, la creaci\u00f3n de empleo, la encargada de Despacho de la Coordinaci\u00f3n General de BECAL, Alejandra Bogado Tervit, remarc\u00f3 que, en esta nueva fase de BECAL, el Gobierno busca brindar una oportunidad valiosa para dar respuesta a la demanda que tienen los sectores de profesionales especializados en distintas \u00e1reas.<br><br> \u201cCreemos que las actividades que desarrolla el sector productivo son cruciales para el desarrollo econ\u00f3mico compatible con la conservaci\u00f3n de nuestros recursos naturales que queremos como pa\u00eds y, por tanto, queremos conocer las necesidades espec\u00edficas del sector en cuanto a capital humano, para que podamos seguir fortaleciendo las competencias t\u00e9cnicas de todos aquellos que contribuyen a generar producci\u00f3n sostenible y mayor competitividad\u201d, destac\u00f3.<br><br>Este segundo Taller de Identificaci\u00f3n de Necesidades de Formaci\u00f3n de Capital Humano Avanzado, con representantes del servicio civil, se desarroll\u00f3 en el Instituto Nacional de la Administraci\u00f3n P\u00fablica del Paraguay (INAPP). <br><br>Estos talleres seguir\u00e1n desarroll\u00e1ndose en lo que resta del a\u00f1o, as\u00ed como en el 2024, con representantes de sectores de las pol\u00edticas p\u00fablicas productivas y medioambientales; educaci\u00f3n, ciencia y tecnolog\u00eda; salud p\u00fablica; y con referentes del sector privado del \u00e1rea industrial, comercial y de servicios.<br><br>El Programa BECAL, dependiente del Ministerio de Econom\u00eda y Finanzas (MEF), viene contribuyendo al desarrollo del sector productivo desde hace 8 a\u00f1os. Desde su creaci\u00f3n, ha destinado casi USD 20 millones en la formaci\u00f3n de capital humano avanzado para el sector productivo, con la adjudicaci\u00f3n de becas a m\u00e1s de 400 paraguayos para capacitaci\u00f3n en los mejores centros acad\u00e9micos del mundo en maestr\u00edas, doctorados, posdoctorados y becas para movilidad de grado<br><br>En 8 a\u00f1os, mediante 107 convocatorias realizadas por BECAL fueron seleccionados 2.970 paraguayos de los 17 departamentos del pa\u00eds, de los cuales 1.518 ya retornaron a tierra guaran\u00ed tras culminar con \u00e9xito el desaf\u00edo de estudiar en las mejores universidades del mundo.<\/p>\n","protected":false},"excerpt":{"rendered":"<p>Prosiguiendo con la serie de talleres para identificar las \u00e1reas de mayor necesidad de formaci\u00f3n de capital humano avanzado, el Programa Nacional de Becas de Postgrado en el exterior \u201cDon Carlos Antonio L\u00f3pez\u201d (BECAL) realiz\u00f3 ayer el segundo encuentro, \u00e9sta vez orientado al sector productivo. [&hellip;]<\/p>\n","protected":false},"author":2,"featured_media":18074,"comment_status":"closed","ping_status":"closed","sticky":false,"template":"","format":"standard","meta":{"footnotes":""},"categories":[1],"tags":[],"class_list":["post-18071","post","type-post","status-publish","format-standard","has-post-thumbnail","hentry","category-uncategorized"],"_links":{"self":[{"href":"https:\/\/migracion.becal.gov.py\/v2\/wp-json\/wp\/v2\/posts\/18071","targetHints":{"allow":["GET"]}}],"collection":[{"href":"https:\/\/migracion.becal.gov.py\/v2\/wp-json\/wp\/v2\/posts"}],"about":[{"href":"https:\/\/migracion.becal.gov.py\/v2\/wp-json\/wp\/v2\/types\/post"}],"author":[{"embeddable":true,"href":"https:\/\/migracion.becal.gov.py\/v2\/wp-json\/wp\/v2\/users\/2"}],"replies":[{"embeddable":true,"href":"https:\/\/migracion.becal.gov.py\/v2\/wp-json\/wp\/v2\/comments?post=18071"}],"version-history":[{"count":2,"href":"https:\/\/migracion.becal.gov.py\/v2\/wp-json\/wp\/v2\/posts\/18071\/revisions"}],"predecessor-version":[{"id":18075,"href":"https:\/\/migracion.becal.gov.py\/v2\/wp-json\/wp\/v2\/posts\/18071\/revisions\/18075"}],"wp:featuredmedia":[{"embeddable":true,"href":"https:\/\/migracion.becal.gov.py\/v2\/wp-json\/wp\/v2\/media\/18074"}],"wp:attachment":[{"href":"https:\/\/migracion.becal.gov.py\/v2\/wp-json\/wp\/v2\/media?parent=18071"}],"wp:term":[{"taxonomy":"category","embeddable":true,"href":"https:\/\/migracion.becal.gov.py\/v2\/wp-json\/wp\/v2\/categories?post=18071"},{"taxonomy":"post_tag","embeddable":true,"href":"https:\/\/migracion.becal.gov.py\/v2\/wp-json\/wp\/v2\/tags?post=18071"}],"curies":[{"name":"wp","href":"https:\/\/api.w.org\/{rel}","templated":true}]}}