{"id":18095,"date":"2023-11-03T10:44:12","date_gmt":"2023-11-03T10:44:12","guid":{"rendered":"https:\/\/becal.gov.py\/v2\/?p=18095"},"modified":"2023-11-03T11:04:12","modified_gmt":"2023-11-03T11:04:12","slug":"becal-extiende-hasta-el-martes-7-plazo-de-postulacion-para-becas-en-el-exterior","status":"publish","type":"post","link":"https:\/\/migracion.becal.gov.py\/v2\/2023\/11\/03\/becal-extiende-hasta-el-martes-7-plazo-de-postulacion-para-becas-en-el-exterior\/","title":{"rendered":"BECAL extiende hasta el martes 7 plazo de postulaci\u00f3n para becas en el exterior"},"content":{"rendered":"\n<p><\/p>\n\n\n\n<p>El Programa Nacional de Becas de Posgrados en el Exterior \u201cDon Carlos Antonio L\u00f3pez\u201d, dependiente del Ministerio de Econom\u00eda y Finanzas (MEF), informa la extensi\u00f3n del plazo de postulaci\u00f3n hasta el martes 07 de noviembre a las 15:00, para aplicar a las becas de posgrados en el exterior del pa\u00eds, dentro de la Modalidad Autogestionada.<\/p>\n\n\n\n<p>Esta oportunidad que ofrece BECAL est\u00e1 dirigida a becas completas para hacer Maestr\u00edas, Doctorados y Posdoctorados; as\u00ed como Movilidad Internacional de Grado en las mejores universidades del mundo. En este sentido, el Programa hace hincapi\u00e9 en que los interesados deben completar todos los procesos dentro del Sistema de Postulaci\u00f3n a Instrumentos (SPI) https:\/\/spi.conacyt.gov.py\/user para que la postulaci\u00f3n sea v\u00e1lida. Las postulaciones no cerradas o no completadas quedar\u00e1n invalidadas.<br><\/p>\n\n\n\n<p>Otro detalle no menor es que los postulantes deben anexar al sistema el comprobante de su admisi\u00f3n condicional o definitiva a uno de los mejores centros acad\u00e9micos del mundo, conforme a su \u00e1mbito de estudio e inter\u00e9s. Es muy importante leer todos los detalles que est\u00e1n establecidos en las Gu\u00edas de Bases y Condiciones (GBC), las cuales se encuentran disponibles en https:\/\/migracion.becal.gov.py\/postulantes\/.<br><\/p>\n\n\n\n<p>En esta convocatoria, BECAL ofrece cupos de 23 becas para Maestr\u00edas; 19 para Doctorados; 4 para Posdoctorados; y 10 para Movilidad de Grado, es decir, para estudiantes universitarios. Est\u00e1n disponibles otras 13 becas para Maestr\u00edas y Doctorados destinadas a servidores p\u00fablicos.<\/p>\n\n\n\n<p>Es de recordar que no existe l\u00edmite de edad para postularse a las becas ofrecidas por el Programa, puesto que la excelencia acad\u00e9mica es una de las prioridades de BECAL.<\/p>\n\n\n\n<p><strong>Renovaci\u00f3n para becas de idiomas vence hoy<\/strong><\/p>\n\n\n\n<p>Esta extensi\u00f3n del plazo no incluye la convocatoria para la renovaci\u00f3n de las 48 becas de capacitaci\u00f3n idiom\u00e1tica en ingl\u00e9s, portugu\u00e9s, franc\u00e9s o alem\u00e1n en Paraguay, destinados a estudiantes universitarios, que vencen hoy. La GBC se encuentra en https:\/\/migracion.becal.gov.py\/idiomas\/ de la web www.becal.gov.py<br>BECAL tiene como objetivo sumar capital humano avanzado al Paraguay, a trav\u00e9s de posgrados focalizados en maestr\u00edas, doctorados y posdoctorados en las mejores universidades del mundo.<\/p>\n","protected":false},"excerpt":{"rendered":"<p>El Programa Nacional de Becas de Posgrados en el Exterior \u201cDon Carlos Antonio L\u00f3pez\u201d, dependiente del Ministerio de Econom\u00eda y Finanzas (MEF), informa la extensi\u00f3n del plazo de postulaci\u00f3n hasta el martes 07 de noviembre a las 15:00, para aplicar a las becas de posgrados [&hellip;]<\/p>\n","protected":false},"author":2,"featured_media":18125,"comment_status":"closed","ping_status":"closed","sticky":false,"template":"","format":"standard","meta":{"footnotes":""},"categories":[1],"tags":[],"class_list":["post-18095","post","type-post","status-publish","format-standard","has-post-thumbnail","hentry","category-uncategorized"],"_links":{"self":[{"href":"https:\/\/migracion.becal.gov.py\/v2\/wp-json\/wp\/v2\/posts\/18095","targetHints":{"allow":["GET"]}}],"collection":[{"href":"https:\/\/migracion.becal.gov.py\/v2\/wp-json\/wp\/v2\/posts"}],"about":[{"href":"https:\/\/migracion.becal.gov.py\/v2\/wp-json\/wp\/v2\/types\/post"}],"author":[{"embeddable":true,"href":"https:\/\/migracion.becal.gov.py\/v2\/wp-json\/wp\/v2\/users\/2"}],"replies":[{"embeddable":true,"href":"https:\/\/migracion.becal.gov.py\/v2\/wp-json\/wp\/v2\/comments?post=18095"}],"version-history":[{"count":1,"href":"https:\/\/migracion.becal.gov.py\/v2\/wp-json\/wp\/v2\/posts\/18095\/revisions"}],"predecessor-version":[{"id":18124,"href":"https:\/\/migracion.becal.gov.py\/v2\/wp-json\/wp\/v2\/posts\/18095\/revisions\/18124"}],"wp:featuredmedia":[{"embeddable":true,"href":"https:\/\/migracion.becal.gov.py\/v2\/wp-json\/wp\/v2\/media\/18125"}],"wp:attachment":[{"href":"https:\/\/migracion.becal.gov.py\/v2\/wp-json\/wp\/v2\/media?parent=18095"}],"wp:term":[{"taxonomy":"category","embeddable":true,"href":"https:\/\/migracion.becal.gov.py\/v2\/wp-json\/wp\/v2\/categories?post=18095"},{"taxonomy":"post_tag","embeddable":true,"href":"https:\/\/migracion.becal.gov.py\/v2\/wp-json\/wp\/v2\/tags?post=18095"}],"curies":[{"name":"wp","href":"https:\/\/api.w.org\/{rel}","templated":true}]}}