{"id":18669,"date":"2024-02-13T18:28:07","date_gmt":"2024-02-13T18:28:07","guid":{"rendered":"https:\/\/becal.gov.py\/v2\/?p=18669"},"modified":"2024-02-13T18:28:08","modified_gmt":"2024-02-13T18:28:08","slug":"becal-es-un-ejemplo-de-educacion-superior-de-excelencia-destaca-el-presidente-santiago-pena","status":"publish","type":"post","link":"https:\/\/migracion.becal.gov.py\/v2\/2024\/02\/13\/becal-es-un-ejemplo-de-educacion-superior-de-excelencia-destaca-el-presidente-santiago-pena\/","title":{"rendered":"BECAL es un ejemplo de educaci\u00f3n superior de excelencia, destaca el presidente Santiago Pe\u00f1a"},"content":{"rendered":"\n<p>Durante el lanzamiento de la Primera Convocatoria a Posgrados Nacionales del Programa Nacional de Becas de Posgrado en el Exterior \u201cDon Carlos Antonio L\u00f3pez\u201d (BECAL), dependiente del Ministerio de Econom\u00eda y Finanzas (MEF), el presidente de la Rep\u00fablica, Santiago Pe\u00f1a, resalt\u00f3 que BECAL es una pol\u00edtica de Estado que hoy es de los paraguayos, no solo de un gobierno.&nbsp;<\/p>\n\n\n\n<p>&#8220;BECAL es un ejemplo de como esa visi\u00f3n de aportar a la educaci\u00f3n superior de excelencia ha ido incorporando y se ha ido retroalimentando (&#8230;) BECAL ha ido evolucionando y ha ido aprendiendo de la propia experiencia que hemos ido experimentando. Y esta convocatoria es eso, es el proceso de aprendizaje y el saber escuchar, porque ha sido un clamor de las universidades nacionales y de muchos estudiantes&#8221;, afirm\u00f3.<\/p>\n\n\n\n<p>A\u00f1adi\u00f3 que con el lanzamiento de los posgrados nacionales se reconoce que las universidades p\u00fablicas y privadas de Paraguay hicieron un esfuerzo enorme por ponerse a la par de las mejores universidades del mundo y que esta convocatoria cumple varios objetivos, como el de darle una oportunidad a paraguayos que quieren seguir estudiando en el Paraguay; y la oportunidad de que las universidades nacionales compitan en el proceso de selecci\u00f3n.<\/p>\n\n\n\n<p>Entretanto, el ministro de Econom\u00eda y Finanzas, Carlos Fern\u00e1ndez Valdovinos, manifest\u00f3 la importancia del Programa para el pa\u00eds en la formaci\u00f3n de capital humano avanzado. &#8220;No hay mejor inversi\u00f3n para un pa\u00eds que la inversi\u00f3n en capital humano&#8221;, apunt\u00f3.<\/p>\n\n\n\n<p>Durante un acto realizado en el Sal\u00f3n Tirika de Mburuvicha R\u00f3ga se realiz\u00f3 el lanzamiento oficial de la convocatoria a 101 becas de Maestr\u00edas y Doctorados acad\u00e9micos en Paraguay.<\/p>\n\n\n\n<p>En total son 71 becas para hacer Maestr\u00edas y 30 becas para hacer Doctorados en las universidades del pa\u00eds. El objetivo es mejorar el desempe\u00f1o de instituciones p\u00fablicas y de empresas privadas al incorporar Capital Humano Avanzado como parte de su dotaci\u00f3n de recursos humanos.<\/p>\n\n\n\n<p>Las Gu\u00edas de Bases y Condiciones (GBC) de la Primera Convocatoria de Posgrados Nacionales se encuentra disponible en <a href=\"https:\/\/migracion.becal.gov.py\/posgrados-en-paraguay-autogestionadas\/\" target=\"_blank\" rel=\"noreferrer noopener\">https:\/\/migracion.becal.gov.py\/posgrados-en-paraguay-autogestionadas\/<\/a>. <\/p>\n\n\n\n<p>Las postulaciones deber\u00e1n ser presentadas mediante el formulario postulaci\u00f3n SPI en l\u00ednea <a href=\"https:\/\/spi.conacyt.gov.py\/user\" target=\"_blank\" rel=\"noreferrer noopener\">https:\/\/spi.conacyt.gov.py\/user<\/a> que BECAL pone a disposici\u00f3n en su p\u00e1gina web <a href=\"https:\/\/migracion.becal.gov.py\/\" target=\"_blank\" rel=\"noreferrer noopener\">https:\/\/migracion.becal.gov.py\/<\/a> hasta el martes 19 de marzo del 2024.<\/p>\n\n\n\n<figure class=\"wp-block-image size-large\"><img fetchpriority=\"high\" decoding=\"async\" width=\"1024\" height=\"1024\" src=\"https:\/\/migracion.becal.gov.py\/wp-content\/uploads\/2024\/02\/Flyer-Maestrias-y-Doctorados-en-Paraguay-2024-02-13-at-13.35.06-1024x1024.jpeg\" alt=\"\" class=\"wp-image-18670\" srcset=\"https:\/\/migracion.becal.gov.py\/v2\/wp-content\/uploads\/2024\/02\/Flyer-Maestrias-y-Doctorados-en-Paraguay-2024-02-13-at-13.35.06-1024x1024.jpeg 1024w, https:\/\/migracion.becal.gov.py\/v2\/wp-content\/uploads\/2024\/02\/Flyer-Maestrias-y-Doctorados-en-Paraguay-2024-02-13-at-13.35.06-300x300.jpeg 300w, https:\/\/migracion.becal.gov.py\/v2\/wp-content\/uploads\/2024\/02\/Flyer-Maestrias-y-Doctorados-en-Paraguay-2024-02-13-at-13.35.06-150x150.jpeg 150w, https:\/\/migracion.becal.gov.py\/v2\/wp-content\/uploads\/2024\/02\/Flyer-Maestrias-y-Doctorados-en-Paraguay-2024-02-13-at-13.35.06-768x768.jpeg 768w, https:\/\/migracion.becal.gov.py\/v2\/wp-content\/uploads\/2024\/02\/Flyer-Maestrias-y-Doctorados-en-Paraguay-2024-02-13-at-13.35.06-1536x1536.jpeg 1536w, https:\/\/migracion.becal.gov.py\/v2\/wp-content\/uploads\/2024\/02\/Flyer-Maestrias-y-Doctorados-en-Paraguay-2024-02-13-at-13.35.06-2048x2048.jpeg 2048w, https:\/\/migracion.becal.gov.py\/v2\/wp-content\/uploads\/2024\/02\/Flyer-Maestrias-y-Doctorados-en-Paraguay-2024-02-13-at-13.35.06-12x12.jpeg 12w, https:\/\/migracion.becal.gov.py\/v2\/wp-content\/uploads\/2024\/02\/Flyer-Maestrias-y-Doctorados-en-Paraguay-2024-02-13-at-13.35.06-100x100.jpeg 100w\" sizes=\"(max-width: 1024px) 100vw, 1024px\" \/><\/figure>\n","protected":false},"excerpt":{"rendered":"<p>Durante el lanzamiento de la Primera Convocatoria a Posgrados Nacionales del Programa Nacional de Becas de Posgrado en el Exterior \u201cDon Carlos Antonio L\u00f3pez\u201d (BECAL), dependiente del Ministerio de Econom\u00eda y Finanzas (MEF), el presidente de la Rep\u00fablica, Santiago Pe\u00f1a, resalt\u00f3 que BECAL es una [&hellip;]<\/p>\n","protected":false},"author":3,"featured_media":18672,"comment_status":"closed","ping_status":"closed","sticky":false,"template":"","format":"standard","meta":{"footnotes":""},"categories":[1],"tags":[87,98,101,100,118],"class_list":["post-18669","post","type-post","status-publish","format-standard","has-post-thumbnail","hentry","category-uncategorized","tag-becal","tag-becas","tag-modalidad-autogestionada","tag-politicas-publicas","tag-posgrados-nacionales"],"_links":{"self":[{"href":"https:\/\/migracion.becal.gov.py\/v2\/wp-json\/wp\/v2\/posts\/18669","targetHints":{"allow":["GET"]}}],"collection":[{"href":"https:\/\/migracion.becal.gov.py\/v2\/wp-json\/wp\/v2\/posts"}],"about":[{"href":"https:\/\/migracion.becal.gov.py\/v2\/wp-json\/wp\/v2\/types\/post"}],"author":[{"embeddable":true,"href":"https:\/\/migracion.becal.gov.py\/v2\/wp-json\/wp\/v2\/users\/3"}],"replies":[{"embeddable":true,"href":"https:\/\/migracion.becal.gov.py\/v2\/wp-json\/wp\/v2\/comments?post=18669"}],"version-history":[{"count":1,"href":"https:\/\/migracion.becal.gov.py\/v2\/wp-json\/wp\/v2\/posts\/18669\/revisions"}],"predecessor-version":[{"id":18673,"href":"https:\/\/migracion.becal.gov.py\/v2\/wp-json\/wp\/v2\/posts\/18669\/revisions\/18673"}],"wp:featuredmedia":[{"embeddable":true,"href":"https:\/\/migracion.becal.gov.py\/v2\/wp-json\/wp\/v2\/media\/18672"}],"wp:attachment":[{"href":"https:\/\/migracion.becal.gov.py\/v2\/wp-json\/wp\/v2\/media?parent=18669"}],"wp:term":[{"taxonomy":"category","embeddable":true,"href":"https:\/\/migracion.becal.gov.py\/v2\/wp-json\/wp\/v2\/categories?post=18669"},{"taxonomy":"post_tag","embeddable":true,"href":"https:\/\/migracion.becal.gov.py\/v2\/wp-json\/wp\/v2\/tags?post=18669"}],"curies":[{"name":"wp","href":"https:\/\/api.w.org\/{rel}","templated":true}]}}