{"id":18889,"date":"2024-03-15T10:31:12","date_gmt":"2024-03-15T10:31:12","guid":{"rendered":"https:\/\/becal.gov.py\/v2\/?p=18889"},"modified":"2024-03-15T10:31:14","modified_gmt":"2024-03-15T10:31:14","slug":"becal-realizara-este-lunes-una-charla-informativa-online-sobre-la-convocatoria-mujeres-lideres-en-su-comunidad","status":"publish","type":"post","link":"https:\/\/migracion.becal.gov.py\/v2\/2024\/03\/15\/becal-realizara-este-lunes-una-charla-informativa-online-sobre-la-convocatoria-mujeres-lideres-en-su-comunidad\/","title":{"rendered":"BECAL realizar\u00e1 este lunes una charla informativa online sobre la convocatoria \u201cMujeres L\u00edderes\u201d en su comunidad"},"content":{"rendered":"\n<p>El Programa Nacional de Becas de Posgrado en el Exterior \u201cDon Carlos Antonio L\u00f3pez\u201d (BECAL), dependiente del Ministerio de Econom\u00eda y Finanzas (MEF), realizar\u00e1 este lunes 18 de marzo, a las 18.00 horas, una charla informativa online sobre la convocatoria \u201cMujeres L\u00edderes\u201d, una iniciativa para exbecarias que certifiquen residencia en ciudades del interior del pa\u00eds llevada a cabo por el Programa, junto con el Banco Interamericano de Desarrollo (BID) y la Fundaci\u00f3n Desarrollo en Democracia (DENDE). Las exbecarias interesadas en participar de la charla deben registrarse previamente en <a href=\"https:\/\/forms.gle\/uWkZ3W4iwaWcyMV9A\" target=\"_blank\" rel=\"noreferrer noopener\">https:\/\/forms.gle\/uWkZ3W4iwaWcyMV9A<\/a>, para que puedan acceder al link de la charla. Durante el evento se buscar\u00e1 responder a las principales dudas relacionadas con la convocatoria.<\/p>\n\n\n\n<p>El plazo para postular a la convocatoria \u201cMujeres L\u00edderes\u201d es hasta el mi\u00e9rcoles 27 de marzo, a las 15.00 horas, y el registro debe realizarse a trav\u00e9s de a trav\u00e9s de Google Forms: <a href=\"https:\/\/docs.google.com\/forms\/d\/e\/1FAIpQLScYiEPTdNiokUvqpMC1_wnAraNL7DMChdaGOJYjcxfB5F3KKA\/viewform\" target=\"_blank\" rel=\"noreferrer noopener\">https:\/\/docs.google.com\/forms\/d\/e\/1FAIpQLScYiEPTdNiokUvqpMC1_wnAraNL7DMChdaGOJYjcxfB5F3KKA\/viewform<\/a>. La Gu\u00eda de Bases y Condiciones (GBC) est\u00e1 disponible en la p\u00e1gina de <a href=\"http:\/\/www.becal.gov.py\" data-type=\"link\" data-id=\"www.becal.gov.py\">www.becal.gov.p<\/a>y .<\/p>\n\n\n\n<p>El objetivo de esta iniciativa es incentivar a las profesionales que se encuentran contribuyendo en sus comunidades, en organizaciones de la sociedad civil, sector p\u00fablico, privado o gremial, y quienes deseen continuar la contribuci\u00f3n mediante la comprensi\u00f3n y el desempe\u00f1o de roles para un Paraguay mejor.<\/p>\n\n\n\n<p>Asimismo, se busca fomentar y fortalecer el impacto que generan las exbecarias lideresas, con vocaci\u00f3n y aptitudes dirigenciales, interesadas en capacitarse para desempe\u00f1ar mejor ese rol y decididas a influir para transformar nuestra sociedad a trav\u00e9s del fortalecimiento del trabajo colaborativo, participaci\u00f3n c\u00edvica y liderazgo. Podr\u00e1n postular exbecarias que est\u00e9n al d\u00eda con sus responsabilidades de retorno.<\/p>\n\n\n\n<p>Entre los requisitos que deben cumplir las postulantes se encuentran: ser exbecaria de BECAL, demostrar participaci\u00f3n comunitaria y demostrar capacidad de liderazgo. Los certificados o documentos que se presenten deben referirse a los \u00faltimos cinco a\u00f1os.<\/p>\n\n\n\n<p>La publicaci\u00f3n de la lista de seleccionados se har\u00e1 el mi\u00e9rcoles 10 de abril. Solamente las postulantes que sean seleccionadas deber\u00e1n proveer datos adicionales que ser\u00e1n solicitados por correo electr\u00f3nico seg\u00fan corresponda.<\/p>\n","protected":false},"excerpt":{"rendered":"<p>El Programa Nacional de Becas de Posgrado en el Exterior \u201cDon Carlos Antonio L\u00f3pez\u201d (BECAL), dependiente del Ministerio de Econom\u00eda y Finanzas (MEF), realizar\u00e1 este lunes 18 de marzo, a las 18.00 horas, una charla informativa online sobre la convocatoria \u201cMujeres L\u00edderes\u201d, una iniciativa para [&hellip;]<\/p>\n","protected":false},"author":3,"featured_media":18890,"comment_status":"closed","ping_status":"closed","sticky":false,"template":"","format":"standard","meta":{"footnotes":""},"categories":[1],"tags":[87,98,125,100],"class_list":["post-18889","post","type-post","status-publish","format-standard","has-post-thumbnail","hentry","category-uncategorized","tag-becal","tag-becas","tag-mujeres-lideres","tag-politicas-publicas"],"_links":{"self":[{"href":"https:\/\/migracion.becal.gov.py\/v2\/wp-json\/wp\/v2\/posts\/18889","targetHints":{"allow":["GET"]}}],"collection":[{"href":"https:\/\/migracion.becal.gov.py\/v2\/wp-json\/wp\/v2\/posts"}],"about":[{"href":"https:\/\/migracion.becal.gov.py\/v2\/wp-json\/wp\/v2\/types\/post"}],"author":[{"embeddable":true,"href":"https:\/\/migracion.becal.gov.py\/v2\/wp-json\/wp\/v2\/users\/3"}],"replies":[{"embeddable":true,"href":"https:\/\/migracion.becal.gov.py\/v2\/wp-json\/wp\/v2\/comments?post=18889"}],"version-history":[{"count":1,"href":"https:\/\/migracion.becal.gov.py\/v2\/wp-json\/wp\/v2\/posts\/18889\/revisions"}],"predecessor-version":[{"id":18891,"href":"https:\/\/migracion.becal.gov.py\/v2\/wp-json\/wp\/v2\/posts\/18889\/revisions\/18891"}],"wp:featuredmedia":[{"embeddable":true,"href":"https:\/\/migracion.becal.gov.py\/v2\/wp-json\/wp\/v2\/media\/18890"}],"wp:attachment":[{"href":"https:\/\/migracion.becal.gov.py\/v2\/wp-json\/wp\/v2\/media?parent=18889"}],"wp:term":[{"taxonomy":"category","embeddable":true,"href":"https:\/\/migracion.becal.gov.py\/v2\/wp-json\/wp\/v2\/categories?post=18889"},{"taxonomy":"post_tag","embeddable":true,"href":"https:\/\/migracion.becal.gov.py\/v2\/wp-json\/wp\/v2\/tags?post=18889"}],"curies":[{"name":"wp","href":"https:\/\/api.w.org\/{rel}","templated":true}]}}