{"id":19020,"date":"2024-04-12T20:24:24","date_gmt":"2024-04-12T20:24:24","guid":{"rendered":"https:\/\/becal.gov.py\/v2\/?p=19020"},"modified":"2024-04-12T20:53:30","modified_gmt":"2024-04-12T20:53:30","slug":"becal-da-a-conocer-listas-de-preseleccionados-de-maestrias-y-doctorados-de-la-primera-convocatoria-de-posgrados-nacionales","status":"publish","type":"post","link":"https:\/\/migracion.becal.gov.py\/v2\/2024\/04\/12\/becal-da-a-conocer-listas-de-preseleccionados-de-maestrias-y-doctorados-de-la-primera-convocatoria-de-posgrados-nacionales\/","title":{"rendered":"BECAL da a conocer listas de preseleccionados de Maestr\u00edas y Doctorados de la Primera Convocatoria de Posgrados Nacionales"},"content":{"rendered":"\n<p>El Programa Nacional de Becas de Posgrado en el Exterior \u201cDon Carlos Antonio L\u00f3pez\u201d (BECAL), dependiente del Ministerio de Econom\u00eda y Finanzas (MEF), da a conocer las listas de preseleccionados para Maestr\u00edas y Doctorados de la Primera Convocatoria de Posgrados Nacionales, correspondientes al primer semestre del 2024. Las n\u00f3minas de preseleccionados se encuentran disponibles en la secci\u00f3n Postulantes, Posgrados en Paraguay \/ Autogestionadas de la web <a href=\"http:\/\/www.becal.gov.py\">www.becal.gov.py<\/a>.<\/p>\n\n\n\n<p>Para Maestr\u00edas, de un total de 282 postulantes fueron preseleccionados 44 del sector p\u00fablico y 56 del sector privado; mientras que para Doctorado, de un total de 94 postulantes, fueron preseleccionados 40; quienes cumplen con las condiciones y caracter\u00edsticas generales de la convocatoria del Programa.<\/p>\n\n\n\n<p>Las entrevistas a los postulantes preseleccionados de Maestr\u00edas y Doctorados se realizar\u00e1n el lunes 15 y martes 16 de abril, de forma virtual. Los mismos recibir\u00e1n un correo electr\u00f3nico con m\u00e1s detalles con respecto al horario de las entrevistas.<\/p>\n\n\n\n<p>La lista de seleccionados se dar\u00e1 a conocer en la primera semana de mayo de este a\u00f1o, mientras que la firma de contratos se har\u00e1 a partir de la segunda semana de mayo en adelante en la oficina de BECAL.<\/p>\n\n\n\n<p>En esta nueva etapa, BECAL busca llegar a un mayor n\u00famero de paraguayos incorporando nuevos instrumentos que promuevan la formaci\u00f3n de capital humano avanzado a nivel nacional para atender los desaf\u00edos y prioridades establecidas en las pol\u00edticas p\u00fablicas que enmarcan y priorizan la agenda de gobierno.<\/p>\n","protected":false},"excerpt":{"rendered":"<p>El Programa Nacional de Becas de Posgrado en el Exterior \u201cDon Carlos Antonio L\u00f3pez\u201d (BECAL), dependiente del Ministerio de Econom\u00eda y Finanzas (MEF), da a conocer las listas de preseleccionados para Maestr\u00edas y Doctorados de la Primera Convocatoria de Posgrados Nacionales, correspondientes al primer semestre [&hellip;]<\/p>\n","protected":false},"author":3,"featured_media":19021,"comment_status":"closed","ping_status":"closed","sticky":false,"template":"","format":"standard","meta":{"footnotes":""},"categories":[1],"tags":[87,98,100,118],"class_list":["post-19020","post","type-post","status-publish","format-standard","has-post-thumbnail","hentry","category-uncategorized","tag-becal","tag-becas","tag-politicas-publicas","tag-posgrados-nacionales"],"_links":{"self":[{"href":"https:\/\/migracion.becal.gov.py\/v2\/wp-json\/wp\/v2\/posts\/19020","targetHints":{"allow":["GET"]}}],"collection":[{"href":"https:\/\/migracion.becal.gov.py\/v2\/wp-json\/wp\/v2\/posts"}],"about":[{"href":"https:\/\/migracion.becal.gov.py\/v2\/wp-json\/wp\/v2\/types\/post"}],"author":[{"embeddable":true,"href":"https:\/\/migracion.becal.gov.py\/v2\/wp-json\/wp\/v2\/users\/3"}],"replies":[{"embeddable":true,"href":"https:\/\/migracion.becal.gov.py\/v2\/wp-json\/wp\/v2\/comments?post=19020"}],"version-history":[{"count":1,"href":"https:\/\/migracion.becal.gov.py\/v2\/wp-json\/wp\/v2\/posts\/19020\/revisions"}],"predecessor-version":[{"id":19022,"href":"https:\/\/migracion.becal.gov.py\/v2\/wp-json\/wp\/v2\/posts\/19020\/revisions\/19022"}],"wp:featuredmedia":[{"embeddable":true,"href":"https:\/\/migracion.becal.gov.py\/v2\/wp-json\/wp\/v2\/media\/19021"}],"wp:attachment":[{"href":"https:\/\/migracion.becal.gov.py\/v2\/wp-json\/wp\/v2\/media?parent=19020"}],"wp:term":[{"taxonomy":"category","embeddable":true,"href":"https:\/\/migracion.becal.gov.py\/v2\/wp-json\/wp\/v2\/categories?post=19020"},{"taxonomy":"post_tag","embeddable":true,"href":"https:\/\/migracion.becal.gov.py\/v2\/wp-json\/wp\/v2\/tags?post=19020"}],"curies":[{"name":"wp","href":"https:\/\/api.w.org\/{rel}","templated":true}]}}