{"id":19751,"date":"2024-09-24T11:15:17","date_gmt":"2024-09-24T11:15:17","guid":{"rendered":"https:\/\/becal.gov.py\/v2\/?p=19751"},"modified":"2024-09-24T11:42:04","modified_gmt":"2024-09-24T11:42:04","slug":"becario-de-becal-lidera-direccion-de-planificacion-estrategica-de-rediex","status":"publish","type":"post","link":"https:\/\/migracion.becal.gov.py\/v2\/2024\/09\/24\/becario-de-becal-lidera-direccion-de-planificacion-estrategica-de-rediex\/","title":{"rendered":"Becario de BECAL lidera Direcci\u00f3n de Planificaci\u00f3n Estrat\u00e9gica de REDIEX"},"content":{"rendered":"\n<p>Ernesto Rojas, quien curs\u00f3 un programa de Maestr\u00eda en Gesti\u00f3n, Innovaci\u00f3n y Emprendedurismo en la Universidad Nacional de Australia, a trav\u00e9s del Programa Nacional de Becas \u201cCarlos Antonio L\u00f3pez\u201d (BECAL), del Ministerio de Econom\u00eda y Finanzas, fue nombrado el mes pasado como Director General de Planificaci\u00f3n Estrat\u00e9gica de la Red de Inversiones y Exportaciones (REDIEX) del Ministerio de Industria y Comercio (MIC).<\/p>\n\n\n\n<p>Ernesto se\u00f1ala que ser director de Planificaci\u00f3n Estrat\u00e9gica en REDIEX es una gran responsabilidad y, a la vez, una oportunidad para tener un impacto significativo en el desarrollo econ\u00f3mico de Paraguay. \u201cPara m\u00ed, significa liderar un equipo que se enfoca en dos \u00e1reas clave: atraer inversiones estrat\u00e9gicas para el pa\u00eds y fomentar las exportaciones paraguayas en mercados globales\u201d, apunta.<\/p>\n\n\n\n<p>Agrega que este rol implica no solo entender las din\u00e1micas del comercio internacional y las tendencias del mercado, sino tambi\u00e9n coordinar esfuerzos entre distintos actores del gobierno y el sector privado para posicionar a Paraguay de manera competitiva.<\/p>\n\n\n\n<p>Nuestro becario comenta que sus metas laborales est\u00e1n profundamente conectadas con su deseo de generar un impacto positivo en el desarrollo econ\u00f3mico del pa\u00eds y, al mismo tiempo, seguir creciendo como profesional en el \u00e1mbito nacional e internacional. \u201cA lo largo de mi carrera, siempre he buscado oportunidades que me permitan contribuir a proyectos que tengan un alcance significativo, como el fomento de inversiones estrat\u00e9gicas y la promoci\u00f3n de exportaciones paraguayas, lo cual ya estoy comenzando a realizar en mi rol actual\u201d, a\u00f1ade.<\/p>\n\n\n\n<figure class=\"wp-block-image size-large\"><img fetchpriority=\"high\" decoding=\"async\" width=\"819\" height=\"1024\" src=\"https:\/\/migracion.becal.gov.py\/wp-content\/uploads\/2024\/09\/WhatsApp-Image-2024-09-19-at-16.21.00-819x1024.jpeg\" alt=\"\" class=\"wp-image-19753\" srcset=\"https:\/\/migracion.becal.gov.py\/v2\/wp-content\/uploads\/2024\/09\/WhatsApp-Image-2024-09-19-at-16.21.00-819x1024.jpeg 819w, https:\/\/migracion.becal.gov.py\/v2\/wp-content\/uploads\/2024\/09\/WhatsApp-Image-2024-09-19-at-16.21.00-240x300.jpeg 240w, https:\/\/migracion.becal.gov.py\/v2\/wp-content\/uploads\/2024\/09\/WhatsApp-Image-2024-09-19-at-16.21.00-768x960.jpeg 768w, https:\/\/migracion.becal.gov.py\/v2\/wp-content\/uploads\/2024\/09\/WhatsApp-Image-2024-09-19-at-16.21.00.jpeg 1067w\" sizes=\"(max-width: 819px) 100vw, 819px\" \/><\/figure>\n\n\n\n<p>Se gradu\u00f3 de Licenciado en Administraci\u00f3n de empresas con \u00e9nfasis en Marketing. Postul\u00f3 a la Maestr\u00eda a trav\u00e9s de BECAL debido al amplio espectro que abarca esta especializaci\u00f3n.<\/p>\n\n\n\n<p>Sobre su estad\u00eda acad\u00e9mica en Australia como becario del Programa, afirma que le brind\u00f3 la posibilidad de interactuar con docentes y alumnos de clase mundial, que estuvieron en las m\u00e1s altas y exigentes casas de estudio, y la vez trabajando en empresas multinacionales de primer nivel y califica de \u00fanica esta experiencia.<\/p>\n\n\n\n<p>Considera que el Programa BECAL es crucial para Paraguay, porque fortalece el capital humano al brindar acceso a estudios avanzados en universidades internacionales. Resalta que esto impulsa la innovaci\u00f3n y el desarrollo tecnol\u00f3gico, reduce la desigualdad al ofrecer oportunidades a personas de diferentes or\u00edgenes, y aumenta la competitividad del pa\u00eds para atraer inversiones extranjeras. Adem\u00e1s, a\u00f1ade, los becarios aportan nuevas ideas y mejoras a las instituciones p\u00fablicas y privadas, lo que favorece el crecimiento sostenible y el progreso social y econ\u00f3mico de Paraguay.<\/p>\n\n\n\n<p>\u201cMi mensaje para los profesionales paraguayos es que aprovechen al m\u00e1ximo las oportunidades que ofrece el Programa BECAL. Es una puerta que les permite acceder a una educaci\u00f3n de primer nivel en las mejores universidades del mundo, lo que no solo fortalece su perfil profesional, sino que tambi\u00e9n les brinda herramientas para contribuir al desarrollo de Paraguay. La formaci\u00f3n que adquieran no solo ser\u00e1 valiosa para sus carreras, sino que tendr\u00e1 un impacto significativo en el crecimiento del pa\u00eds, a trav\u00e9s de la innovaci\u00f3n, el liderazgo y la creaci\u00f3n de nuevas oportunidades. Es una inversi\u00f3n en su futuro y en el futuro de Paraguay\u201d, concluye.<\/p>\n\n\n\n<figure class=\"wp-block-image size-large\"><img decoding=\"async\" width=\"819\" height=\"1024\" src=\"https:\/\/migracion.becal.gov.py\/wp-content\/uploads\/2024\/09\/WhatsApp-Image-2024-09-19-at-16.20.51-819x1024.jpeg\" alt=\"\" class=\"wp-image-19754\" srcset=\"https:\/\/migracion.becal.gov.py\/v2\/wp-content\/uploads\/2024\/09\/WhatsApp-Image-2024-09-19-at-16.20.51-819x1024.jpeg 819w, https:\/\/migracion.becal.gov.py\/v2\/wp-content\/uploads\/2024\/09\/WhatsApp-Image-2024-09-19-at-16.20.51-240x300.jpeg 240w, https:\/\/migracion.becal.gov.py\/v2\/wp-content\/uploads\/2024\/09\/WhatsApp-Image-2024-09-19-at-16.20.51-768x960.jpeg 768w, https:\/\/migracion.becal.gov.py\/v2\/wp-content\/uploads\/2024\/09\/WhatsApp-Image-2024-09-19-at-16.20.51-1229x1536.jpeg 1229w, https:\/\/migracion.becal.gov.py\/v2\/wp-content\/uploads\/2024\/09\/WhatsApp-Image-2024-09-19-at-16.20.51.jpeg 1280w\" sizes=\"(max-width: 819px) 100vw, 819px\" \/><\/figure>\n","protected":false},"excerpt":{"rendered":"<p>Ernesto Rojas, quien curs\u00f3 un programa de Maestr\u00eda en Gesti\u00f3n, Innovaci\u00f3n y Emprendedurismo en la Universidad Nacional de Australia, a trav\u00e9s del Programa Nacional de Becas \u201cCarlos Antonio L\u00f3pez\u201d (BECAL), del Ministerio de Econom\u00eda y Finanzas, fue nombrado el mes pasado como Director General de [&hellip;]<\/p>\n","protected":false},"author":3,"featured_media":19752,"comment_status":"closed","ping_status":"closed","sticky":false,"template":"","format":"standard","meta":{"footnotes":""},"categories":[90],"tags":[87,98,100,140],"class_list":["post-19751","post","type-post","status-publish","format-standard","has-post-thumbnail","hentry","category-informaciones-institucionales","tag-becal","tag-becas","tag-politicas-publicas","tag-rediex"],"_links":{"self":[{"href":"https:\/\/migracion.becal.gov.py\/v2\/wp-json\/wp\/v2\/posts\/19751","targetHints":{"allow":["GET"]}}],"collection":[{"href":"https:\/\/migracion.becal.gov.py\/v2\/wp-json\/wp\/v2\/posts"}],"about":[{"href":"https:\/\/migracion.becal.gov.py\/v2\/wp-json\/wp\/v2\/types\/post"}],"author":[{"embeddable":true,"href":"https:\/\/migracion.becal.gov.py\/v2\/wp-json\/wp\/v2\/users\/3"}],"replies":[{"embeddable":true,"href":"https:\/\/migracion.becal.gov.py\/v2\/wp-json\/wp\/v2\/comments?post=19751"}],"version-history":[{"count":3,"href":"https:\/\/migracion.becal.gov.py\/v2\/wp-json\/wp\/v2\/posts\/19751\/revisions"}],"predecessor-version":[{"id":19757,"href":"https:\/\/migracion.becal.gov.py\/v2\/wp-json\/wp\/v2\/posts\/19751\/revisions\/19757"}],"wp:featuredmedia":[{"embeddable":true,"href":"https:\/\/migracion.becal.gov.py\/v2\/wp-json\/wp\/v2\/media\/19752"}],"wp:attachment":[{"href":"https:\/\/migracion.becal.gov.py\/v2\/wp-json\/wp\/v2\/media?parent=19751"}],"wp:term":[{"taxonomy":"category","embeddable":true,"href":"https:\/\/migracion.becal.gov.py\/v2\/wp-json\/wp\/v2\/categories?post=19751"},{"taxonomy":"post_tag","embeddable":true,"href":"https:\/\/migracion.becal.gov.py\/v2\/wp-json\/wp\/v2\/tags?post=19751"}],"curies":[{"name":"wp","href":"https:\/\/api.w.org\/{rel}","templated":true}]}}