{"id":19892,"date":"2024-10-21T10:14:21","date_gmt":"2024-10-21T10:14:21","guid":{"rendered":"https:\/\/becal.gov.py\/v2\/?p=19892"},"modified":"2024-10-21T10:21:26","modified_gmt":"2024-10-21T10:21:26","slug":"becal-habilita-desde-hoy-postulacion-a-maestrias-y-doctorados-en-canada","status":"publish","type":"post","link":"https:\/\/migracion.becal.gov.py\/v2\/2024\/10\/21\/becal-habilita-desde-hoy-postulacion-a-maestrias-y-doctorados-en-canada\/","title":{"rendered":"BECAL habilita desde hoy postulaci\u00f3n a Maestr\u00edas y Doctorados en Canad\u00e1"},"content":{"rendered":"\n<p>El Programa Nacional de Becas \u201cCarlos Antonio L\u00f3pez\u201d (BECAL), del Ministerio de Econom\u00eda y Finanzas (MEF), habilita desde hoy la postulaci\u00f3n a becas para programas de Maestr\u00eda y Doctorado en universidades de Canad\u00e1, en convenio con el consorcio CALDO. La Gu\u00eda de Bases y Condiciones (GBC) se encuentra disponible en<a href=\"https:\/\/migracion.becal.gov.py\/postulantes\/\" target=\"_blank\" rel=\"noreferrer noopener\"> https:\/\/migracion.becal.gov.py\/postulantes\/<\/a>, Posgrado de Modalidad Asistida.<\/p>\n\n\n\n<p>La postulaci\u00f3n a las cinco (5) becas financiadas a trav\u00e9s del Fondo para la Excelencia de la Educaci\u00f3n e Investigaci\u00f3n (FEEI) se puede hacer mediante el Sistema de Postulaci\u00f3n Instrumento del CONACYT (SPI) <a href=\"https:\/\/spi.conacyt.gov.py\/\" target=\"_blank\" rel=\"noreferrer noopener\">https:\/\/spi.conacyt.gov.py\/<\/a> hasta el 01 de abril del 2025.<\/p>\n\n\n\n<p>Para Doctorado en Ciencias, Tecnolog\u00eda e Innovaci\u00f3n est\u00e1n disponibles dos (2) plazas y las becas est\u00e1n dirigidas a todas aquellas personas que realicen estudios en las \u00e1reas de ciencia, tecnolog\u00eda e investigaci\u00f3n, cuyo proyecto de vida sea la investigaci\u00f3n, docencia y\/o transferencia tecnol\u00f3gica. Esta convocatoria est\u00e1 abierta a todas las \u00e1reas del conocimiento seg\u00fan el Manual de Frascati1: Ciencias Naturales; Ingenier\u00eda y Tecnolog\u00eda; Medicina y Salud; Ciencias Agr\u00edcolas; Ciencias Sociales (excepto educaci\u00f3n); y Humanidades.<\/p>\n\n\n\n<p>Entretanto, para Maestr\u00eda de Investigaci\u00f3n en CTI, hay tres (3) cupos, para todas aquellas personas que realicen estudios en las \u00e1reas de ciencia, tecnolog\u00eda e investigaci\u00f3n, cuyo proyecto de vida sea el fortalecimiento de las capacidades de innovaci\u00f3n de las empresas, gesti\u00f3n p\u00fablica, universidades y centros de I+D. Se financiar\u00e1n programas de Maestr\u00eda en las siguientes categor\u00edas del Manual de Frascati: Ciencias Naturales; Ingenier\u00eda y Tecnolog\u00eda; Medicina y Salud; Ciencias Agr\u00edcolas; Ciencias Sociales; y Humanidades (\u00fanicamente para las sub \u00e1reas: Dise\u00f1o y Arquitectura).<\/p>\n\n\n\n<p>Antes de postular a las universidades del Consorcio CALDO, se debe consultar al correo <a href=\"mailto:graduate.coordinator@caldo.ca\" target=\"_blank\" rel=\"noreferrer noopener\">graduate.coordinator@caldo.ca<\/a> si el programa de estudio de posgrado al que se postula cubrir\u00e1 la diferencia entre la tasa de matr\u00edcula para estudiantes extranjeros y la matr\u00edcula para estudiantes residentes (especialmente en el caso de maestr\u00edas de investigaci\u00f3n basadas en tesis). Este requisito ser\u00e1 necesario en el caso en que el candidato resulte acreedor de la beca BECAL. Cabe mencionar que \u00fanicamente se financiar\u00e1n maestr\u00edas de investigaci\u00f3n.<\/p>\n\n\n\n<p>Las becas est\u00e1n destinadas a financiar a los mejores candidatos para realizar un programa de doctorado que tengan una duraci\u00f3n m\u00e1xima de 48 (cuarenta y ocho) meses; y de maestr\u00eda hasta una duraci\u00f3n m\u00e1xima de 24 (veinticuatro) meses, ambos contados desde el ingreso del becario al programa. No se financiar\u00e1n maestr\u00edas ni doctorados ya iniciados. Se considerar\u00e1n doctorados y maestr\u00edas en investigaci\u00f3n que inicien en el segundo semestre del a\u00f1o 2025.<\/p>\n\n\n\n<p>El objetivo general del Programa BECAL es contribuir a aumentar los niveles de generaci\u00f3n y aplicaci\u00f3n de conocimiento en las \u00e1reas de Ciencia y Tecnolog\u00eda y los niveles de aprendizaje en la educaci\u00f3n a trav\u00e9s del mejoramiento de la oferta de capital humano avanzado en dichas \u00e1reas.<\/p>\n\n\n\n<p><\/p>\n","protected":false},"excerpt":{"rendered":"<p>El Programa Nacional de Becas \u201cCarlos Antonio L\u00f3pez\u201d (BECAL), del Ministerio de Econom\u00eda y Finanzas (MEF), habilita desde hoy la postulaci\u00f3n a becas para programas de Maestr\u00eda y Doctorado en universidades de Canad\u00e1, en convenio con el consorcio CALDO. La Gu\u00eda de Bases y Condiciones [&hellip;]<\/p>\n","protected":false},"author":3,"featured_media":19893,"comment_status":"closed","ping_status":"closed","sticky":false,"template":"","format":"standard","meta":{"footnotes":""},"categories":[1],"tags":[],"class_list":["post-19892","post","type-post","status-publish","format-standard","has-post-thumbnail","hentry","category-uncategorized"],"_links":{"self":[{"href":"https:\/\/migracion.becal.gov.py\/v2\/wp-json\/wp\/v2\/posts\/19892","targetHints":{"allow":["GET"]}}],"collection":[{"href":"https:\/\/migracion.becal.gov.py\/v2\/wp-json\/wp\/v2\/posts"}],"about":[{"href":"https:\/\/migracion.becal.gov.py\/v2\/wp-json\/wp\/v2\/types\/post"}],"author":[{"embeddable":true,"href":"https:\/\/migracion.becal.gov.py\/v2\/wp-json\/wp\/v2\/users\/3"}],"replies":[{"embeddable":true,"href":"https:\/\/migracion.becal.gov.py\/v2\/wp-json\/wp\/v2\/comments?post=19892"}],"version-history":[{"count":2,"href":"https:\/\/migracion.becal.gov.py\/v2\/wp-json\/wp\/v2\/posts\/19892\/revisions"}],"predecessor-version":[{"id":19895,"href":"https:\/\/migracion.becal.gov.py\/v2\/wp-json\/wp\/v2\/posts\/19892\/revisions\/19895"}],"wp:featuredmedia":[{"embeddable":true,"href":"https:\/\/migracion.becal.gov.py\/v2\/wp-json\/wp\/v2\/media\/19893"}],"wp:attachment":[{"href":"https:\/\/migracion.becal.gov.py\/v2\/wp-json\/wp\/v2\/media?parent=19892"}],"wp:term":[{"taxonomy":"category","embeddable":true,"href":"https:\/\/migracion.becal.gov.py\/v2\/wp-json\/wp\/v2\/categories?post=19892"},{"taxonomy":"post_tag","embeddable":true,"href":"https:\/\/migracion.becal.gov.py\/v2\/wp-json\/wp\/v2\/tags?post=19892"}],"curies":[{"name":"wp","href":"https:\/\/api.w.org\/{rel}","templated":true}]}}