{"id":20057,"date":"2024-11-27T10:40:01","date_gmt":"2024-11-27T10:40:01","guid":{"rendered":"https:\/\/becal.gov.py\/v2\/?p=20057"},"modified":"2024-11-27T10:40:04","modified_gmt":"2024-11-27T10:40:04","slug":"becario-de-becal-expuso-sobre-matriz-energetica-y-formacion-de-polos-de-desarrollo-en-paraguay-durante-evento-cientifico-en-espana","status":"publish","type":"post","link":"https:\/\/migracion.becal.gov.py\/v2\/2024\/11\/27\/becario-de-becal-expuso-sobre-matriz-energetica-y-formacion-de-polos-de-desarrollo-en-paraguay-durante-evento-cientifico-en-espana\/","title":{"rendered":"Becario de BECAL expuso sobre matriz energ\u00e9tica y formaci\u00f3n de polos de desarrollo en Paraguay durante evento cient\u00edfico en Espa\u00f1a"},"content":{"rendered":"\n<p>Ever Lezcano Gonz\u00e1lez, quien est\u00e1 haciendo un Doctorado en Geograf\u00eda, Planificaci\u00f3n Territorial y Gesti\u00f3n Ambiental en la Universidad de Barcelona, Espa\u00f1a, a trav\u00e9s del Programa Nacional de Becas \u201cCarlos Antonio L\u00f3pez\u201d (BECAL) del Ministerio de Econom\u00eda y Finanzas (MEF), particip\u00f3 como ponente en la XI Jornadas de Geograf\u00eda Econ\u00f3mica &#8211; First Conference of Economic Geography, con el tema \u201cLa matriz energ\u00e9tica y la formaci\u00f3n de polos de desarrollo en Paraguay\u201d.<\/p>\n\n\n\n<p>Durante la jornada organizada por el Grupo de Geograf\u00eda Econ\u00f3mica de la Asociaci\u00f3n Espa\u00f1ola de Geograf\u00eda (AGE), en colaboraci\u00f3n con la Universidad del Pa\u00eds Vasco, nuestro becario habl\u00f3 sobre \u201cLa situaci\u00f3n de la matriz energ\u00e9tica en Paraguay y su impacto en el desarrollo regional\u201d, \u201cLa importancia del tejido empresarial en las regiones para la generaci\u00f3n de polos de desarrollo\u201d; y sobre \u201cLos instrumentos de pol\u00edtica p\u00fablica que favorecen el desarrollo del pa\u00eds\u201d.<\/p>\n\n\n\n<p>Este evento cient\u00edfico, de car\u00e1cter internacional por primera vez, ofreci\u00f3 un espacio de intercambio acad\u00e9mico de alto nivel para discutir las din\u00e1micas territoriales y productivas en un contexto de cambio global. Ever comenta que como miembro del Grupo de Trabajo de Geograf\u00eda Econ\u00f3mica de la AGE esta participaci\u00f3n tambi\u00e9n represent\u00f3 una oportunidad para contribuir activamente al fortalecimiento de las redes acad\u00e9micas y cient\u00edficas dentro de este \u00e1mbito.<\/p>\n\n\n\n<p>La investigaci\u00f3n presentada fue multidisciplinaria y se trabaj\u00f3 en colaboraci\u00f3n con investigadores del SISNI, el Dr. Fredy G\u00e9nez y el doctorando Abel Fleitas de la Universidad de Chile, quienes aportaron conocimientos sobre la situaci\u00f3n energ\u00e9tica y legal del pa\u00eds. A estos aportes se sumaron la dimensi\u00f3n espacial y territorial en relaci\u00f3n con los polos de desarrollo en Paraguay. Adem\u00e1s, esta investigaci\u00f3n ser\u00e1 incluida en el libro &#8220;Estrategias territoriales y productivas en un contexto de cambio global-2024&#8221;, editado por la Asociaci\u00f3n de Ge\u00f3grafos Espa\u00f1oles.<\/p>\n\n\n\n<p>El estudio abord\u00f3, por un lado, los recursos energ\u00e9ticos disponibles en el pa\u00eds y, por otro, los instrumentos de pol\u00edticas p\u00fablicas orientados al desarrollo. Al respecto, nuestro becario menciona que el objetivo fue demostrar c\u00f3mo las pol\u00edticas energ\u00e9ticas y los instrumentos de desarrollo interact\u00faan en la formaci\u00f3n de polos de desarrollo.<\/p>\n\n\n\n<p>\u201cEl trabajo recibi\u00f3 un feedback importante, destacando tanto las fortalezas como los principales desaf\u00edos que enfrenta Paraguay en t\u00e9rminos de desarrollo. Si bien la matriz energ\u00e9tica del pa\u00eds tiene un gran potencial para impulsar el desarrollo local y regional, tambi\u00e9n identificamos retos importantes, especialmente en lo relacionado con su diversificaci\u00f3n\u201d, apunta.<\/p>\n\n\n\n<p>Se\u00f1ala que participar como ponente en las XI Jornadas de Geograf\u00eda Econ\u00f3mica fue una experiencia muy gratificante para su carrera. El evento se centr\u00f3 en analizar c\u00f3mo los territorios y sus actividades econ\u00f3micas enfrentan los desaf\u00edos actuales, como la inestabilidad geopol\u00edtica, la crisis clim\u00e1tica, el cuestionamiento de la globalizaci\u00f3n y las crecientes desigualdades sociales y espaciales.<\/p>\n\n\n\n<p>Durante las actividades del congreso, tambi\u00e9n particip\u00f3 en una jornada de campo realizada en el Parque Tecnol\u00f3gico de Euskadi \u2013 \u00c1lava y el Parque Empresarial de J\u00fandiz. Agrega que esta experiencia le permiti\u00f3 observar de manera pr\u00e1ctica las din\u00e1micas locales y regionales, as\u00ed como la transferencia de I+D en estrategias de desarrollo regional impulsadas mediante la colaboraci\u00f3n entre instituciones acad\u00e9micas y el sector privado.<\/p>\n\n\n\n<p>\u201cDestaco la emergencia de un nuevo modelo de gobernanza: estado-mercado- comunidad, se\u00f1alado la importancia de las alianzas entre academia, sector productivo-p\u00fablico y comunidad para promover un desarrollo sostenible y equitativo\u201d, indica.<\/p>\n\n\n\n<figure class=\"wp-block-image size-full\"><img fetchpriority=\"high\" decoding=\"async\" width=\"1024\" height=\"850\" src=\"https:\/\/migracion.becal.gov.py\/wp-content\/uploads\/2024\/11\/IMG_5347.jpg\" alt=\"\" class=\"wp-image-20059\" srcset=\"https:\/\/migracion.becal.gov.py\/v2\/wp-content\/uploads\/2024\/11\/IMG_5347.jpg 1024w, https:\/\/migracion.becal.gov.py\/v2\/wp-content\/uploads\/2024\/11\/IMG_5347-300x249.jpg 300w, https:\/\/migracion.becal.gov.py\/v2\/wp-content\/uploads\/2024\/11\/IMG_5347-768x638.jpg 768w\" sizes=\"(max-width: 1024px) 100vw, 1024px\" \/><\/figure>\n\n\n\n<p>Ever es oriundo de Natalio, Departamento de Itap\u00faa. Se gradu\u00f3 de Ingeniero Comercial con menci\u00f3n en Econom\u00eda, en la Universidad Nacional de Itap\u00faa (UNI) e hizo el M\u00e1ster en Desarrollo Econ\u00f3mico Regional y Local y Gesti\u00f3n del Territorio, en la Universidad de Valladolid, Espa\u00f1a.<\/p>\n\n\n\n<p>Eligi\u00f3 el Doctorado con el objetivo de profundizar sus investigaciones previas relacionadas al desarrollo econ\u00f3mico regional y local de Paraguay, agregando la dimensi\u00f3n espacial al tema de estudio. Asimismo, busca perfeccionar su l\u00ednea de investigaci\u00f3n a trav\u00e9s de la interacci\u00f3n con expertos en desarrollo regional y geograf\u00eda econ\u00f3mica.<\/p>\n\n\n\n<p>Sobre su experiencia acad\u00e9mica en el exterior, revela que es sumamente enriquecedora, tanto en t\u00e9rminos acad\u00e9micos como en el desarrollo de conexiones profesionales. Durante este tiempo, refiere que tiene la oportunidad de interactuar con personas e instituciones de Espa\u00f1a y otros pa\u00edses, lo que ampl\u00eda su visi\u00f3n global y fortalece su red de contactos en el \u00e1mbito acad\u00e9mico y profesional.<\/p>\n\n\n\n<p>\u201cEn el posgrado estoy adquiriendo herramientas innovadoras y aplicando metodolog\u00edas avanzadas que potencian la calidad de mi trabajo, adem\u00e1s de participar en investigaciones internacionales que enriquecen mi perspectiva y conocimientos especializados. Esta experiencia est\u00e1 transformando mi enfoque hacia una perspectiva m\u00e1s inclusiva y multidisciplinaria, esencial para mi desarrollo como investigador y para contribuir a mi campo de estudio\u201d, a\u00f1ade.<\/p>\n\n\n\n<p>Sobre sus metas laborales, manifiesta que busca consolidarse en el \u00e1rea de desarrollo regional y local, enfoc\u00e1ndose en la localizaci\u00f3n de actividades productivas y en el estudio de las din\u00e1micas locales y regionales de Paraguay. \u201cAspiro a que mi trabajo tenga un impacto en el progreso del pa\u00eds, fortaleciendo iniciativas que impulsen el desarrollo econ\u00f3mico y social. Mi objetivo es aplicar mis conocimientos y experiencia en el \u00e1rea donde pueda generar mayor valor, siempre con el compromiso de contribuir al desarrollo sostenible y equitativo de Paraguay\u201d, asevera.<\/p>\n\n\n\n<p>A criterio de nuestro becario, el Programa BECAL es una pol\u00edtica p\u00fablica fundamental para Paraguay, ya que se centra en formar capital humano avanzado clave para el progreso del pa\u00eds. Adem\u00e1s, que BECAL facilita la adquisici\u00f3n de habilidades t\u00e9cnicas y cient\u00edficas esenciales para impulsar el desarrollo socioecon\u00f3mico desde una perspectiva de desarrollo end\u00f3geno.<\/p>\n\n\n\n<p>Acota que este programa enriquece a los individuos a nivel profesional y acad\u00e9mico, y adem\u00e1s prepara a los becarios para que contribuyan al desarrollo nacional, aplicando conocimientos y t\u00e9cnicas adquiridas en el extranjero al contexto paraguayo.<\/p>\n\n\n\n<p>Finalmente, enfatiza sobre la importancia de aprovechar las oportunidades que ofrece el Programa BECAL, pues abre puertas a formaciones de \u00e9lite en el exterior y proporciona una plataforma para establecer redes internacionales y colaboraciones que pueden transformar nuestras carreras, tanto individual como colectivamente.<\/p>\n\n\n\n<p>\u201cAnimo a todos los paraguayos que buscan desarrollo y expansi\u00f3n en sus campos a que no dejen pasar esta oportunidad. Vale la pena el esfuerzo por el vasto horizonte de posibilidades que se abre al ser parte de este programa. S\u00e9 que tomar la decisi\u00f3n de postularse puede ser dif\u00edcil, especialmente cuando implica grandes cambios personales y profesionales. Sin embargo, la experiencia y el conocimiento que se adquieren son invaluables, no solo a nivel personal, sino tambi\u00e9n para el desarrollo de nuestro pa\u00eds\u201d, concluye.<\/p>\n\n\n\n<figure class=\"wp-block-image size-large\"><img decoding=\"async\" width=\"925\" height=\"1024\" src=\"https:\/\/migracion.becal.gov.py\/wp-content\/uploads\/2024\/11\/IMG_5299-925x1024.jpg\" alt=\"\" class=\"wp-image-20060\" srcset=\"https:\/\/migracion.becal.gov.py\/v2\/wp-content\/uploads\/2024\/11\/IMG_5299-925x1024.jpg 925w, https:\/\/migracion.becal.gov.py\/v2\/wp-content\/uploads\/2024\/11\/IMG_5299-271x300.jpg 271w, https:\/\/migracion.becal.gov.py\/v2\/wp-content\/uploads\/2024\/11\/IMG_5299-768x850.jpg 768w, https:\/\/migracion.becal.gov.py\/v2\/wp-content\/uploads\/2024\/11\/IMG_5299-1387x1536.jpg 1387w, https:\/\/migracion.becal.gov.py\/v2\/wp-content\/uploads\/2024\/11\/IMG_5299.jpg 1848w\" sizes=\"(max-width: 925px) 100vw, 925px\" \/><\/figure>\n","protected":false},"excerpt":{"rendered":"<p>Ever Lezcano Gonz\u00e1lez, quien est\u00e1 haciendo un Doctorado en Geograf\u00eda, Planificaci\u00f3n Territorial y Gesti\u00f3n Ambiental en la Universidad de Barcelona, Espa\u00f1a, a trav\u00e9s del Programa Nacional de Becas \u201cCarlos Antonio L\u00f3pez\u201d (BECAL) del Ministerio de Econom\u00eda y Finanzas (MEF), particip\u00f3 como ponente en la XI [&hellip;]<\/p>\n","protected":false},"author":3,"featured_media":20058,"comment_status":"closed","ping_status":"closed","sticky":false,"template":"","format":"standard","meta":{"footnotes":""},"categories":[90],"tags":[87,98,100],"class_list":["post-20057","post","type-post","status-publish","format-standard","has-post-thumbnail","hentry","category-informaciones-institucionales","tag-becal","tag-becas","tag-politicas-publicas"],"_links":{"self":[{"href":"https:\/\/migracion.becal.gov.py\/v2\/wp-json\/wp\/v2\/posts\/20057","targetHints":{"allow":["GET"]}}],"collection":[{"href":"https:\/\/migracion.becal.gov.py\/v2\/wp-json\/wp\/v2\/posts"}],"about":[{"href":"https:\/\/migracion.becal.gov.py\/v2\/wp-json\/wp\/v2\/types\/post"}],"author":[{"embeddable":true,"href":"https:\/\/migracion.becal.gov.py\/v2\/wp-json\/wp\/v2\/users\/3"}],"replies":[{"embeddable":true,"href":"https:\/\/migracion.becal.gov.py\/v2\/wp-json\/wp\/v2\/comments?post=20057"}],"version-history":[{"count":1,"href":"https:\/\/migracion.becal.gov.py\/v2\/wp-json\/wp\/v2\/posts\/20057\/revisions"}],"predecessor-version":[{"id":20061,"href":"https:\/\/migracion.becal.gov.py\/v2\/wp-json\/wp\/v2\/posts\/20057\/revisions\/20061"}],"wp:featuredmedia":[{"embeddable":true,"href":"https:\/\/migracion.becal.gov.py\/v2\/wp-json\/wp\/v2\/media\/20058"}],"wp:attachment":[{"href":"https:\/\/migracion.becal.gov.py\/v2\/wp-json\/wp\/v2\/media?parent=20057"}],"wp:term":[{"taxonomy":"category","embeddable":true,"href":"https:\/\/migracion.becal.gov.py\/v2\/wp-json\/wp\/v2\/categories?post=20057"},{"taxonomy":"post_tag","embeddable":true,"href":"https:\/\/migracion.becal.gov.py\/v2\/wp-json\/wp\/v2\/tags?post=20057"}],"curies":[{"name":"wp","href":"https:\/\/api.w.org\/{rel}","templated":true}]}}