{"id":20166,"date":"2024-12-13T09:50:52","date_gmt":"2024-12-13T09:50:52","guid":{"rendered":"https:\/\/becal.gov.py\/v2\/?p=20166"},"modified":"2024-12-13T09:50:54","modified_gmt":"2024-12-13T09:50:54","slug":"becarios-de-becal-de-la-maestria-en-docencia-de-idiomas-en-colombia-presentaron-sus-investigaciones-en-revista-cientifica","status":"publish","type":"post","link":"https:\/\/migracion.becal.gov.py\/v2\/2024\/12\/13\/becarios-de-becal-de-la-maestria-en-docencia-de-idiomas-en-colombia-presentaron-sus-investigaciones-en-revista-cientifica\/","title":{"rendered":"Becarios de BECAL de la Maestr\u00eda en Docencia de Idiomas en Colombia presentaron sus investigaciones en revista cient\u00edfica"},"content":{"rendered":"\n<p>Docentes de instituciones p\u00fablicas y privadas subvencionadas que est\u00e1n haciendo la Maestr\u00eda en Docencia de Idiomas en la Universidad Pedag\u00f3gica y Tecnol\u00f3gica de Colombia (UPTC), a trav\u00e9s del Programa Nacional de Becas \u201cCarlos Antonio L\u00f3pez\u201d (BECAL) del Ministerio de Econom\u00eda y Finanzas (MEF), presentaron su producci\u00f3n cient\u00edfica durante el lanzamiento del n\u00famero especial Enletawa Journal, de la UPTC.<\/p>\n\n\n\n<p>Los trabajos de investigaci\u00f3n presentados por los becarios est\u00e1n en idioma ingl\u00e9s, espa\u00f1ol y en guaran\u00ed y pueden leerse en <a href=\"https:\/\/revistas.uptc.edu.co\/index.php\/enletawa_journal\/issue\/view\/967\" target=\"_blank\" rel=\"noreferrer noopener\">https:\/\/revistas.uptc.edu.co\/index.php\/enletawa_journal\/issue\/view\/967<\/a>. Los becarios provienen de los departamentos de Caaguaz\u00fa, Boquer\u00f3n y Central, as\u00ed como de Asunci\u00f3n.<\/p>\n\n\n\n<p>Durante la presentaci\u00f3n de los trabajos, la directora general de Formaci\u00f3n para el Desarrollo del MEF, Alejandra Bogado Tervit, manifest\u00f3 que es un d\u00eda especial para la comunidad acad\u00e9mica, tanto paraguaya como colombiana, en el que se refuerza la colaboraci\u00f3n a nivel pa\u00eds en pos de formar capital humano avanzado para beneficio de la educaci\u00f3n.<\/p>\n\n\n\n<p>Agreg\u00f3 que uno de los objetivos de BECAL con esta maestr\u00eda se est\u00e1 cumpliendo, que es el de la generaci\u00f3n de conocimiento y la aplicaci\u00f3n del mismo. \u201cEsta generaci\u00f3n de conocimiento que todos los becarios de la cohorte de Maestr\u00eda en Docencia de Idiomas hicieron queda plasmada en esta revista. Una revista que es en edici\u00f3n especial para ustedes, por ustedes, que es multiling\u00fce, que incorpora los frutos de ustedes de m\u00e1s de un a\u00f1o de aprendizaje, de investigaci\u00f3n, de sudor, de l\u00e1grimas\u201d, apunt\u00f3.<\/p>\n\n\n\n<p>Agradeci\u00f3 a todo el plantel de la Maestr\u00eda en Docencia de Idiomas por acompa\u00f1ar profesional y personalmente a esta cohorte y se\u00f1al\u00f3 que todos los becarios volver\u00e1n al pa\u00eds siendo maestros investigadores, sembrando un fruto para la educaci\u00f3n paraguaya.<\/p>\n\n\n\n<p>\u201cEsta inversi\u00f3n est\u00e1 generando todo aquello que busca BECAL: generar conocimiento, generar cambio en sus comunidades, el compromiso con la excelencia y su trabajo se ve en este momento en el que se celebra el lanzamiento de la revista\u201d, destac\u00f3.<\/p>\n\n\n\n<p>La presentaci\u00f3n de los becarios sobre sus investigaciones est\u00e1 disponible en el canal de YouTube de la universidad: <a href=\"https:\/\/www.youtube.com\/watch?v=83jTTbU27ak&amp;t=536s\" target=\"_blank\" rel=\"noreferrer noopener\">https:\/\/www.youtube.com\/watch?v=83jTTbU27ak&amp;t=536s<\/a> .<\/p>\n\n\n\n<p><\/p>\n","protected":false},"excerpt":{"rendered":"<p>Docentes de instituciones p\u00fablicas y privadas subvencionadas que est\u00e1n haciendo la Maestr\u00eda en Docencia de Idiomas en la Universidad Pedag\u00f3gica y Tecnol\u00f3gica de Colombia (UPTC), a trav\u00e9s del Programa Nacional de Becas \u201cCarlos Antonio L\u00f3pez\u201d (BECAL) del Ministerio de Econom\u00eda y Finanzas (MEF), presentaron su [&hellip;]<\/p>\n","protected":false},"author":3,"featured_media":20167,"comment_status":"closed","ping_status":"closed","sticky":false,"template":"","format":"standard","meta":{"footnotes":""},"categories":[90],"tags":[87,98,162,100],"class_list":["post-20166","post","type-post","status-publish","format-standard","has-post-thumbnail","hentry","category-informaciones-institucionales","tag-becal","tag-becas","tag-maestria-en-docencia-de-idiomas","tag-politicas-publicas"],"_links":{"self":[{"href":"https:\/\/migracion.becal.gov.py\/v2\/wp-json\/wp\/v2\/posts\/20166","targetHints":{"allow":["GET"]}}],"collection":[{"href":"https:\/\/migracion.becal.gov.py\/v2\/wp-json\/wp\/v2\/posts"}],"about":[{"href":"https:\/\/migracion.becal.gov.py\/v2\/wp-json\/wp\/v2\/types\/post"}],"author":[{"embeddable":true,"href":"https:\/\/migracion.becal.gov.py\/v2\/wp-json\/wp\/v2\/users\/3"}],"replies":[{"embeddable":true,"href":"https:\/\/migracion.becal.gov.py\/v2\/wp-json\/wp\/v2\/comments?post=20166"}],"version-history":[{"count":1,"href":"https:\/\/migracion.becal.gov.py\/v2\/wp-json\/wp\/v2\/posts\/20166\/revisions"}],"predecessor-version":[{"id":20168,"href":"https:\/\/migracion.becal.gov.py\/v2\/wp-json\/wp\/v2\/posts\/20166\/revisions\/20168"}],"wp:featuredmedia":[{"embeddable":true,"href":"https:\/\/migracion.becal.gov.py\/v2\/wp-json\/wp\/v2\/media\/20167"}],"wp:attachment":[{"href":"https:\/\/migracion.becal.gov.py\/v2\/wp-json\/wp\/v2\/media?parent=20166"}],"wp:term":[{"taxonomy":"category","embeddable":true,"href":"https:\/\/migracion.becal.gov.py\/v2\/wp-json\/wp\/v2\/categories?post=20166"},{"taxonomy":"post_tag","embeddable":true,"href":"https:\/\/migracion.becal.gov.py\/v2\/wp-json\/wp\/v2\/tags?post=20166"}],"curies":[{"name":"wp","href":"https:\/\/api.w.org\/{rel}","templated":true}]}}