{"id":20209,"date":"2024-12-17T10:22:46","date_gmt":"2024-12-17T10:22:46","guid":{"rendered":"https:\/\/becal.gov.py\/v2\/?p=20209"},"modified":"2024-12-17T11:58:30","modified_gmt":"2024-12-17T11:58:30","slug":"docentes-becarios-de-becal-culminaron-programa-de-maestria-en-docencia-de-idiomas-en-colombia","status":"publish","type":"post","link":"https:\/\/migracion.becal.gov.py\/v2\/2024\/12\/17\/docentes-becarios-de-becal-culminaron-programa-de-maestria-en-docencia-de-idiomas-en-colombia\/","title":{"rendered":"Docentes becarios de BECAL culminaron programa de Maestr\u00eda en Docencia de Idiomas en Colombia"},"content":{"rendered":"\n<p>Un total de 15 docentes de instituciones p\u00fablicas y privadas subvencionadas que hicieron la Maestr\u00eda en Docencia de Idiomas en la Universidad Pedag\u00f3gica y Tecnol\u00f3gica de Colombia (UPTC), a trav\u00e9s del Programa Nacional de Becas \u201cCarlos Antonio L\u00f3pez\u201d (BECAL) del Ministerio de Econom\u00eda y Finanzas (MEF), participaron de la ceremonia de graduaci\u00f3n realizada en el Auditorio de Artes de la UPTC. El acto cont\u00f3 con la presencia de la coordinadora general del Programa, F\u00e1tima Franco, y del coordinador de Becas Asistidas, Jaime Escobar.<\/p>\n\n\n\n<p>Durante la ceremonia de egreso, la coordinadora F\u00e1tima Franco felicit\u00f3 a los docentes paraguayos que culminaron con \u00e9xito este importante cap\u00edtulo dentro de su desarrollo profesional. \u201cUstedes se han destacado por la dedicaci\u00f3n, el esfuerzo y el compromiso que han demostrado durante el desarrollo del programa de Maestr\u00eda. Este logro representa mucho m\u00e1s que un t\u00edtulo acad\u00e9mico. Es un paso crucial en la formaci\u00f3n de capital humano avanzado, capaz de generar impactos significativos para el desarrollo de Paraguay\u201d, resalt\u00f3.<\/p>\n\n\n\n<p>Asimismo, les anim\u00f3 a aplicar con pasi\u00f3n los conocimientos adquiridos, a generar nuevas ideas y a liderar con visi\u00f3n y compromiso en sus entornos educativos y comunidades. Se\u00f1al\u00f3 a los docentes que ahora tienen la valiosa responsabilidad de ser agentes de cambio, de formar a nuevas generaciones y de contribuir activamente al desarrollo de nuestro pa\u00eds.<\/p>\n\n\n\n<p>Aprovech\u00f3 la ocasi\u00f3n para expresar su agradecimiento a la UPTC por su constante acompa\u00f1amiento y por brindar una formaci\u00f3n acad\u00e9mica de excelencia, la cual ha sido clave para preparar a estos profesionales que ahora est\u00e1n listos para liderar procesos innovadores en el \u00e1mbito educativo.<\/p>\n\n\n\n<p>Los becarios provienen de los departamentos de Caaguaz\u00fa, Boquer\u00f3n y Central, as\u00ed como de Asunci\u00f3n.<\/p>\n","protected":false},"excerpt":{"rendered":"<p>Un total de 15 docentes de instituciones p\u00fablicas y privadas subvencionadas que hicieron la Maestr\u00eda en Docencia de Idiomas en la Universidad Pedag\u00f3gica y Tecnol\u00f3gica de Colombia (UPTC), a trav\u00e9s del Programa Nacional de Becas \u201cCarlos Antonio L\u00f3pez\u201d (BECAL) del Ministerio de Econom\u00eda y Finanzas [&hellip;]<\/p>\n","protected":false},"author":3,"featured_media":20210,"comment_status":"closed","ping_status":"closed","sticky":false,"template":"","format":"standard","meta":{"footnotes":""},"categories":[90],"tags":[87,98,163,105,100,146],"class_list":["post-20209","post","type-post","status-publish","format-standard","has-post-thumbnail","hentry","category-informaciones-institucionales","tag-becal","tag-becas","tag-maestria-en-docencia-de-idiomas-2","tag-modalidad-asistida","tag-politicas-publicas","tag-uptc"],"_links":{"self":[{"href":"https:\/\/migracion.becal.gov.py\/v2\/wp-json\/wp\/v2\/posts\/20209","targetHints":{"allow":["GET"]}}],"collection":[{"href":"https:\/\/migracion.becal.gov.py\/v2\/wp-json\/wp\/v2\/posts"}],"about":[{"href":"https:\/\/migracion.becal.gov.py\/v2\/wp-json\/wp\/v2\/types\/post"}],"author":[{"embeddable":true,"href":"https:\/\/migracion.becal.gov.py\/v2\/wp-json\/wp\/v2\/users\/3"}],"replies":[{"embeddable":true,"href":"https:\/\/migracion.becal.gov.py\/v2\/wp-json\/wp\/v2\/comments?post=20209"}],"version-history":[{"count":2,"href":"https:\/\/migracion.becal.gov.py\/v2\/wp-json\/wp\/v2\/posts\/20209\/revisions"}],"predecessor-version":[{"id":20212,"href":"https:\/\/migracion.becal.gov.py\/v2\/wp-json\/wp\/v2\/posts\/20209\/revisions\/20212"}],"wp:featuredmedia":[{"embeddable":true,"href":"https:\/\/migracion.becal.gov.py\/v2\/wp-json\/wp\/v2\/media\/20210"}],"wp:attachment":[{"href":"https:\/\/migracion.becal.gov.py\/v2\/wp-json\/wp\/v2\/media?parent=20209"}],"wp:term":[{"taxonomy":"category","embeddable":true,"href":"https:\/\/migracion.becal.gov.py\/v2\/wp-json\/wp\/v2\/categories?post=20209"},{"taxonomy":"post_tag","embeddable":true,"href":"https:\/\/migracion.becal.gov.py\/v2\/wp-json\/wp\/v2\/tags?post=20209"}],"curies":[{"name":"wp","href":"https:\/\/api.w.org\/{rel}","templated":true}]}}