{"id":20274,"date":"2025-01-14T10:28:49","date_gmt":"2025-01-14T10:28:49","guid":{"rendered":"https:\/\/becal.gov.py\/v2\/?p=20274"},"modified":"2025-01-14T10:28:53","modified_gmt":"2025-01-14T10:28:53","slug":"becario-de-becal-desea-aportar-conocimientos-para-el-desarrollo-rural-y-la-reduccion-de-la-pobreza-en-paraguay","status":"publish","type":"post","link":"https:\/\/migracion.becal.gov.py\/v2\/2025\/01\/14\/becario-de-becal-desea-aportar-conocimientos-para-el-desarrollo-rural-y-la-reduccion-de-la-pobreza-en-paraguay\/","title":{"rendered":"Becario de BECAL desea aportar conocimientos para el desarrollo rural y la reducci\u00f3n de la pobreza en Paraguay"},"content":{"rendered":"\n<p>Desempe\u00f1ar un rol en el que pueda apoyar iniciativas relacionadas con el fortalecimiento del sector agropecuario, especialmente en \u00e1reas como el desarrollo rural, la reducci\u00f3n de la pobreza, la sostenibilidad agr\u00edcola y los mercados agr\u00edcolas, es una de las aspiraciones de Leandro Gabriel Cristaldo Galeano, quien hizo el Mag\u00edster en Econom\u00eda Agraria y Ambiental en la Pontificia Universidad Cat\u00f3lica de Chile, a trav\u00e9s del Programa Nacional de Becas \u201cCarlos Antonio L\u00f3pez\u201d (BECAL) del Ministerio de Econom\u00eda y Finanzas (MEF), y presta servicios en el Cr\u00e9dito Agr\u00edcola de Habilitaci\u00f3n (CAH).<\/p>\n\n\n\n<p>Agrega que su meta laboral es seguir contribuyendo al desarrollo del CAH, aplicando los conocimientos y herramientas adquiridos durante su formaci\u00f3n en el extranjero. \u201cMi objetivo es aportar desde mi experiencia profesional y acad\u00e9mica al crecimiento y la innovaci\u00f3n dentro del CAH, contribuyendo al bienestar de las comunidades rurales y al impulso del sector agropecuario en Paraguay.<\/p>\n\n\n\n<p>Leandro es oriundo de Edelira Kil\u00f3metro 49, Departamento de Itap\u00faa, y reside actualmente en Capit\u00e1n Miranda, del mismo departamento. Su familia est\u00e1 compuesta por sus padres, que son emprendedores con un taller de costura, y tres hermanos. Nuestro becario fue el primero en acceder a una carrera universitaria, y su hermana menor tambi\u00e9n est\u00e1 cursando estudios universitarios.<\/p>\n\n\n\n<p>Se gradu\u00f3 de Contador P\u00fablico en la Universidad Aut\u00f3noma de Encarnaci\u00f3n (UNAE). Su objetivo al elegir el Mag\u00edster en Econom\u00eda Agraria y Ambiental en la Pontificia Universidad Cat\u00f3lica de Chile, una de las 100 mejores universidades del mundo, fue adquirir herramientas y conocimientos especializados para abordar desaf\u00edos relacionados con la sostenibilidad agr\u00edcola, el cambio clim\u00e1tico y la gesti\u00f3n de recursos, con el prop\u00f3sito de contribuir al desarrollo del sector agropecuario y al bienestar de las comunidades rurales en Paraguay.<\/p>\n\n\n\n<figure class=\"wp-block-image size-large\"><img fetchpriority=\"high\" decoding=\"async\" width=\"768\" height=\"1024\" src=\"https:\/\/migracion.becal.gov.py\/wp-content\/uploads\/2025\/01\/WhatsApp-Image-2025-01-02-at-09.31.36-768x1024.jpeg\" alt=\"\" class=\"wp-image-20276\" srcset=\"https:\/\/migracion.becal.gov.py\/v2\/wp-content\/uploads\/2025\/01\/WhatsApp-Image-2025-01-02-at-09.31.36-768x1024.jpeg 768w, https:\/\/migracion.becal.gov.py\/v2\/wp-content\/uploads\/2025\/01\/WhatsApp-Image-2025-01-02-at-09.31.36-225x300.jpeg 225w, https:\/\/migracion.becal.gov.py\/v2\/wp-content\/uploads\/2025\/01\/WhatsApp-Image-2025-01-02-at-09.31.36-1152x1536.jpeg 1152w, https:\/\/migracion.becal.gov.py\/v2\/wp-content\/uploads\/2025\/01\/WhatsApp-Image-2025-01-02-at-09.31.36-1536x2048.jpeg 1536w, https:\/\/migracion.becal.gov.py\/v2\/wp-content\/uploads\/2025\/01\/WhatsApp-Image-2025-01-02-at-09.31.36-scaled.jpeg 1920w\" sizes=\"(max-width: 768px) 100vw, 768px\" \/><\/figure>\n\n\n\n<p>Se\u00f1ala que su estad\u00eda acad\u00e9mica en el exterior ha sido una experiencia transformadora, tanto a nivel profesional como personal. En el Mag\u00edster en Econom\u00eda Agraria y Ambiental adquiri\u00f3 herramientas avanzadas en an\u00e1lisis microecon\u00f3mico, gesti\u00f3n de recursos naturales y evaluaci\u00f3n de pol\u00edticas ambientales. \u201cEsta formaci\u00f3n me ha permitido desarrollar competencias en \u00e1reas como la econom\u00eda de los recursos h\u00eddricos, la sostenibilidad agropecuaria y el manejo del cambio clim\u00e1tico\u201d, agrega.<\/p>\n\n\n\n<p>Adem\u00e1s, relata, la interacci\u00f3n con profesores altamente calificados y compa\u00f1eros de diversas culturas ha enriquecido su perspectiva profesional, fomentando su capacidad de trabajo en equipos interdisciplinarios y su habilidad para abordar problemas complejos con soluciones innovadoras. A\u00f1ade que esta experiencia le ha preparado para contribuir de manera m\u00e1s efectiva al desarrollo del sector agropecuario y la gesti\u00f3n ambiental en Paraguay.<\/p>\n\n\n\n<p>Mientras hac\u00eda su posgrado, Leandro particip\u00f3 como ponente en el XXVI Congreso Anual de Econom\u00eda Agraria 2024, organizado en la Escuela de Negocios de la Pontificia Universidad Cat\u00f3lica de Valpara\u00edso, en la ciudad de Vi\u00f1a del Mar (Chile), presentando su trabajo titulado &#8220;Adaptaci\u00f3n a la sequ\u00eda y cambio clim\u00e1tico: un modelo de comportamiento agr\u00edcola de un grupo de agricultores de la Regi\u00f3n Metropolitana de Chile&#8221;.<\/p>\n\n\n\n<p>\u201cDurante mi exposici\u00f3n, compart\u00ed los resultados de mi investigaci\u00f3n, que analiza las estrategias de adaptaci\u00f3n implementadas por agricultores frente a la sequ\u00eda y el cambio clim\u00e1tico, utilizando modelos econ\u00f3micos para evaluar su impacto en la producci\u00f3n y los ingresos agr\u00edcolas. Esta experiencia fue muy enriquecedora, ya que me permiti\u00f3 difundir mi trabajo, recibir valiosos comentarios de expertos en el \u00e1rea, y fortalecer mi red profesional en el \u00e1mbito de la econom\u00eda agraria y ambiental\u201d, afirma.<\/p>\n\n\n\n<p>En diciembre del 2024, Leandro defendi\u00f3 su tesis y manifiesta que fue una experiencia transformadora y de gran satisfacci\u00f3n, tras meses de esfuerzo, dedicaci\u00f3n e investigaci\u00f3n. \u201cCont\u00e9 con el valioso apoyo de mi profesor gu\u00eda, el Dr. \u00d3scar Melo (University of Maryland), y de los profesores informantes, la Dra. Alejandra Engler (Colorado State University) y el Dr. William Foster (University of California at Berkeley). Trabajar con acad\u00e9micos de tan alto nivel fue un privilegio que enriqueci\u00f3 mi formaci\u00f3n y reafirm\u00f3 mi compromiso de contribuir al desarrollo sostenible del sector agropecuario en Paraguay\u201d, sostiene.<\/p>\n\n\n\n<p>A criterio de nuestro becario, el Programa BECAL es de vital importancia para el pa\u00eds, ya que fomenta la formaci\u00f3n de profesionales altamente capacitados en \u00e1reas estrat\u00e9gicas que contribuyen al desarrollo nacional. Resalta que este programa permite que j\u00f3venes paraguayos accedan a instituciones de prestigio en el extranjero, adquiriendo conocimientos y habilidades que pueden ser aplicados para resolver los desaf\u00edos sociales, econ\u00f3micos y ambientales del pa\u00eds.<\/p>\n\n\n\n<p>Adem\u00e1s, destaca que BECAL fortalece el capital humano, promueve la innovaci\u00f3n y el desarrollo cient\u00edfico, y contribuye a cerrar brechas en sectores clave como la educaci\u00f3n, la agricultura, la salud y la tecnolog\u00eda, impulsando el progreso sostenible de Paraguay.<\/p>\n\n\n\n<p>\u201cMi mensaje a los profesionales paraguayos es que aprovechen las oportunidades que ofrece el Programa BECAL, ya que es una puerta abierta hacia el crecimiento acad\u00e9mico y profesional. Esta beca no solo permite acceder a una formaci\u00f3n de excelencia en universidades de prestigio internacional, sino que tambi\u00e9n brinda la posibilidad de contribuir al desarrollo del pa\u00eds al regresar con nuevas herramientas, conocimientos y experiencias. Les animo a prepararse, a confiar en sus capacidades y a postularse, porque invertir en educaci\u00f3n es apostar por un mejor futuro para uno mismo y para Paraguay\u201d, concluye.<\/p>\n\n\n\n<figure class=\"wp-block-image size-large\"><img decoding=\"async\" width=\"1024\" height=\"768\" src=\"https:\/\/migracion.becal.gov.py\/wp-content\/uploads\/2025\/01\/WhatsApp-Image-2025-01-07-at-13.34.27-1024x768.jpeg\" alt=\"\" class=\"wp-image-20277\" srcset=\"https:\/\/migracion.becal.gov.py\/v2\/wp-content\/uploads\/2025\/01\/WhatsApp-Image-2025-01-07-at-13.34.27-1024x768.jpeg 1024w, https:\/\/migracion.becal.gov.py\/v2\/wp-content\/uploads\/2025\/01\/WhatsApp-Image-2025-01-07-at-13.34.27-300x225.jpeg 300w, https:\/\/migracion.becal.gov.py\/v2\/wp-content\/uploads\/2025\/01\/WhatsApp-Image-2025-01-07-at-13.34.27-768x576.jpeg 768w, https:\/\/migracion.becal.gov.py\/v2\/wp-content\/uploads\/2025\/01\/WhatsApp-Image-2025-01-07-at-13.34.27-1536x1152.jpeg 1536w, https:\/\/migracion.becal.gov.py\/v2\/wp-content\/uploads\/2025\/01\/WhatsApp-Image-2025-01-07-at-13.34.27-2048x1536.jpeg 2048w\" sizes=\"(max-width: 1024px) 100vw, 1024px\" \/><\/figure>\n","protected":false},"excerpt":{"rendered":"<p>Desempe\u00f1ar un rol en el que pueda apoyar iniciativas relacionadas con el fortalecimiento del sector agropecuario, especialmente en \u00e1reas como el desarrollo rural, la reducci\u00f3n de la pobreza, la sostenibilidad agr\u00edcola y los mercados agr\u00edcolas, es una de las aspiraciones de Leandro Gabriel Cristaldo Galeano, [&hellip;]<\/p>\n","protected":false},"author":3,"featured_media":20275,"comment_status":"closed","ping_status":"closed","sticky":false,"template":"","format":"standard","meta":{"footnotes":""},"categories":[90],"tags":[175,87,98,174,101,100],"class_list":["post-20274","post","type-post","status-publish","format-standard","has-post-thumbnail","hentry","category-informaciones-institucionales","tag-carlos-antonio-lopez","tag-becal","tag-becas","tag-economia-agraria","tag-modalidad-autogestionada","tag-politicas-publicas"],"_links":{"self":[{"href":"https:\/\/migracion.becal.gov.py\/v2\/wp-json\/wp\/v2\/posts\/20274","targetHints":{"allow":["GET"]}}],"collection":[{"href":"https:\/\/migracion.becal.gov.py\/v2\/wp-json\/wp\/v2\/posts"}],"about":[{"href":"https:\/\/migracion.becal.gov.py\/v2\/wp-json\/wp\/v2\/types\/post"}],"author":[{"embeddable":true,"href":"https:\/\/migracion.becal.gov.py\/v2\/wp-json\/wp\/v2\/users\/3"}],"replies":[{"embeddable":true,"href":"https:\/\/migracion.becal.gov.py\/v2\/wp-json\/wp\/v2\/comments?post=20274"}],"version-history":[{"count":1,"href":"https:\/\/migracion.becal.gov.py\/v2\/wp-json\/wp\/v2\/posts\/20274\/revisions"}],"predecessor-version":[{"id":20278,"href":"https:\/\/migracion.becal.gov.py\/v2\/wp-json\/wp\/v2\/posts\/20274\/revisions\/20278"}],"wp:featuredmedia":[{"embeddable":true,"href":"https:\/\/migracion.becal.gov.py\/v2\/wp-json\/wp\/v2\/media\/20275"}],"wp:attachment":[{"href":"https:\/\/migracion.becal.gov.py\/v2\/wp-json\/wp\/v2\/media?parent=20274"}],"wp:term":[{"taxonomy":"category","embeddable":true,"href":"https:\/\/migracion.becal.gov.py\/v2\/wp-json\/wp\/v2\/categories?post=20274"},{"taxonomy":"post_tag","embeddable":true,"href":"https:\/\/migracion.becal.gov.py\/v2\/wp-json\/wp\/v2\/tags?post=20274"}],"curies":[{"name":"wp","href":"https:\/\/api.w.org\/{rel}","templated":true}]}}