{"id":20377,"date":"2025-02-07T11:17:24","date_gmt":"2025-02-07T11:17:24","guid":{"rendered":"https:\/\/becal.gov.py\/v2\/?p=20377"},"modified":"2025-02-07T11:17:25","modified_gmt":"2025-02-07T11:17:25","slug":"becal-recuerda-que-quedan-8-dias-para-finalizar-postulacion-a-becas-de-la-segunda-convocatoria-de-posgrados-nacionales","status":"publish","type":"post","link":"https:\/\/migracion.becal.gov.py\/v2\/2025\/02\/07\/becal-recuerda-que-quedan-8-dias-para-finalizar-postulacion-a-becas-de-la-segunda-convocatoria-de-posgrados-nacionales\/","title":{"rendered":"BECAL recuerda que quedan 8 d\u00edas para finalizar postulaci\u00f3n a becas de la Segunda Convocatoria de Posgrados Nacionales"},"content":{"rendered":"\n<p>El plazo para postular a la Segunda Convocatoria de Posgrados Nacionales del Programa Nacional de Becas \u201cCarlos Antonio L\u00f3pez\u201d (BECAL) del Ministerio de Econom\u00eda y Finanzas (MEF), cierra el pr\u00f3ximo viernes 14 de febrero, a las 15.00 horas. La postulaci\u00f3n a 71 becas para Maestr\u00edas y a 30 becas para Doctorados en Paraguay, disponibles en la Modalidad Autogestionada, se puede realizar a trav\u00e9s del Sistema de Postulaci\u00f3n a Instrumentos (SPI) de Conacyt: <a href=\"https:\/\/spi.conacyt.gov.py\/user\" target=\"_blank\" rel=\"noreferrer noopener\">https:\/\/spi.conacyt.gov.py\/user<\/a>.<\/p>\n\n\n\n<p>BECAL insta a los postulantes a completar todos los puntos solicitados en el formulario de postulaci\u00f3n en el SPI, ya que las postulaciones no cerradas o no completadas, como se indica en la Gu\u00eda de Bases y Condiciones (GBC), quedar\u00e1n invalidadas de este llamado.<\/p>\n\n\n\n<p>Las Gu\u00edas de Bases y Condiciones, donde se establecen los requisitos y documentaciones requeridas para postular, est\u00e1n disponibles en <a href=\"https:\/\/migracion.becal.gov.py\/posgrados-en-paraguay-autogestionadas\/\" target=\"_blank\" rel=\"noreferrer noopener\">https:\/\/migracion.becal.gov.py\/posgrados-en-paraguay-autogestionadas\/<\/a>.<\/p>\n\n\n\n<p>Son 41 cupos para Maestr\u00edas para trabajadores del Sector Privado y se financian becas para la realizaci\u00f3n de estudios en programas de maestr\u00edas en IES paraguayas, reconocidas por su trayectoria y nivel de convocatoria. Los beneficiarios de las becas deber\u00e1n ser trabajadores formales del Sector Privado que se encuentren trabajando en el momento de la postulaci\u00f3n, con una antig\u00fcedad laboral m\u00ednima de 2 (dos) a\u00f1os (requisito excluyente), y cuyo programa de estudios est\u00e9 directamente relacionado con las funciones que desempe\u00f1an actualmente.<\/p>\n\n\n\n<p>Para postular a una de las 30 becas para Maestr\u00edas para trabajadores del Sector P\u00fablico, los interesados deber\u00e1n ser nombrados con al menos 2 (dos) a\u00f1os de antig\u00fcedad y deber\u00e1n acreditar que el programa de estudio est\u00e9 alineado a las funciones que desempe\u00f1a actualmente (requisito excluyente). Esta antig\u00fcedad considerar\u00e1 el tiempo de contrataci\u00f3n y\/o nombramiento como funcionario p\u00fablico. Debe contar con una evaluaci\u00f3n de desempe\u00f1o satisfactoria, y no poseer antecedentes de sanciones en su legajo laboral.<\/p>\n\n\n\n<p>Para postulantes a Maestr\u00edas en Educaci\u00f3n, deber\u00e1n presentar constancia formal de que se encuentra prestando servicios en el \u00e1mbito de la educaci\u00f3n con una antig\u00fcedad m\u00ednima de 24 meses a la fecha de postulaci\u00f3n (excluyente).<\/p>\n\n\n\n<p>Entretanto, las becas para Doctorados est\u00e1n destinadas a trabajadores del sector privado, que se encuentren trabajando en el momento de la postulaci\u00f3n, con una antig\u00fcedad laboral m\u00ednima de 2 (dos) a\u00f1os (requisito excluyente), y cuyo programa de estudios est\u00e9 directamente relacionado con las funciones que desempe\u00f1an actualmente.<\/p>\n\n\n\n<figure class=\"wp-block-image size-large\"><img fetchpriority=\"high\" decoding=\"async\" width=\"1024\" height=\"1024\" src=\"https:\/\/migracion.becal.gov.py\/wp-content\/uploads\/2025\/02\/Posgrados-Nacionales-Quedan-8-dias-para-postular-2025-02-03-at-14.58.32-1024x1024.jpeg\" alt=\"\" class=\"wp-image-20378\" srcset=\"https:\/\/migracion.becal.gov.py\/v2\/wp-content\/uploads\/2025\/02\/Posgrados-Nacionales-Quedan-8-dias-para-postular-2025-02-03-at-14.58.32-1024x1024.jpeg 1024w, https:\/\/migracion.becal.gov.py\/v2\/wp-content\/uploads\/2025\/02\/Posgrados-Nacionales-Quedan-8-dias-para-postular-2025-02-03-at-14.58.32-300x300.jpeg 300w, https:\/\/migracion.becal.gov.py\/v2\/wp-content\/uploads\/2025\/02\/Posgrados-Nacionales-Quedan-8-dias-para-postular-2025-02-03-at-14.58.32-150x150.jpeg 150w, https:\/\/migracion.becal.gov.py\/v2\/wp-content\/uploads\/2025\/02\/Posgrados-Nacionales-Quedan-8-dias-para-postular-2025-02-03-at-14.58.32-768x768.jpeg 768w, https:\/\/migracion.becal.gov.py\/v2\/wp-content\/uploads\/2025\/02\/Posgrados-Nacionales-Quedan-8-dias-para-postular-2025-02-03-at-14.58.32-1536x1536.jpeg 1536w, https:\/\/migracion.becal.gov.py\/v2\/wp-content\/uploads\/2025\/02\/Posgrados-Nacionales-Quedan-8-dias-para-postular-2025-02-03-at-14.58.32-2048x2048.jpeg 2048w, https:\/\/migracion.becal.gov.py\/v2\/wp-content\/uploads\/2025\/02\/Posgrados-Nacionales-Quedan-8-dias-para-postular-2025-02-03-at-14.58.32-100x100.jpeg 100w\" sizes=\"(max-width: 1024px) 100vw, 1024px\" \/><\/figure>\n","protected":false},"excerpt":{"rendered":"<p>El plazo para postular a la Segunda Convocatoria de Posgrados Nacionales del Programa Nacional de Becas \u201cCarlos Antonio L\u00f3pez\u201d (BECAL) del Ministerio de Econom\u00eda y Finanzas (MEF), cierra el pr\u00f3ximo viernes 14 de febrero, a las 15.00 horas. La postulaci\u00f3n a 71 becas para Maestr\u00edas [&hellip;]<\/p>\n","protected":false},"author":3,"featured_media":20197,"comment_status":"closed","ping_status":"closed","sticky":false,"template":"","format":"standard","meta":{"footnotes":""},"categories":[1],"tags":[],"class_list":["post-20377","post","type-post","status-publish","format-standard","has-post-thumbnail","hentry","category-uncategorized"],"_links":{"self":[{"href":"https:\/\/migracion.becal.gov.py\/v2\/wp-json\/wp\/v2\/posts\/20377","targetHints":{"allow":["GET"]}}],"collection":[{"href":"https:\/\/migracion.becal.gov.py\/v2\/wp-json\/wp\/v2\/posts"}],"about":[{"href":"https:\/\/migracion.becal.gov.py\/v2\/wp-json\/wp\/v2\/types\/post"}],"author":[{"embeddable":true,"href":"https:\/\/migracion.becal.gov.py\/v2\/wp-json\/wp\/v2\/users\/3"}],"replies":[{"embeddable":true,"href":"https:\/\/migracion.becal.gov.py\/v2\/wp-json\/wp\/v2\/comments?post=20377"}],"version-history":[{"count":1,"href":"https:\/\/migracion.becal.gov.py\/v2\/wp-json\/wp\/v2\/posts\/20377\/revisions"}],"predecessor-version":[{"id":20379,"href":"https:\/\/migracion.becal.gov.py\/v2\/wp-json\/wp\/v2\/posts\/20377\/revisions\/20379"}],"wp:featuredmedia":[{"embeddable":true,"href":"https:\/\/migracion.becal.gov.py\/v2\/wp-json\/wp\/v2\/media\/20197"}],"wp:attachment":[{"href":"https:\/\/migracion.becal.gov.py\/v2\/wp-json\/wp\/v2\/media?parent=20377"}],"wp:term":[{"taxonomy":"category","embeddable":true,"href":"https:\/\/migracion.becal.gov.py\/v2\/wp-json\/wp\/v2\/categories?post=20377"},{"taxonomy":"post_tag","embeddable":true,"href":"https:\/\/migracion.becal.gov.py\/v2\/wp-json\/wp\/v2\/tags?post=20377"}],"curies":[{"name":"wp","href":"https:\/\/api.w.org\/{rel}","templated":true}]}}