{"id":20549,"date":"2025-02-28T10:48:30","date_gmt":"2025-02-28T10:48:30","guid":{"rendered":"https:\/\/becal.gov.py\/v2\/?p=20549"},"modified":"2025-02-28T11:03:11","modified_gmt":"2025-02-28T11:03:11","slug":"hasta-las-1500-horas-de-hoy-hay-tiempo-de-cerrar-postulacion-a-becas-para-posgrados-en-alemania","status":"publish","type":"post","link":"https:\/\/migracion.becal.gov.py\/v2\/2025\/02\/28\/hasta-las-1500-horas-de-hoy-hay-tiempo-de-cerrar-postulacion-a-becas-para-posgrados-en-alemania\/","title":{"rendered":"Hasta las 15:00 horas de hoy hay tiempo de cerrar postulaci\u00f3n a becas para posgrados en Alemania"},"content":{"rendered":"\n<p>Los interesados en las becas para hacer Maestr\u00edas y Doctorados en Alemania, a trav\u00e9s del Programa Nacional de Becas \u201cCarlos Antonio L\u00f3pez\u201d (BECAL) del Ministerio de Econom\u00eda y Finanzas (MEF), en convenio con el Servicio Alem\u00e1n de Intercambio Acad\u00e9mico (DAAD), tienen tiempo hasta las 15:00 horas de hoy, viernes 28 de febrero, para finalizar su postulaci\u00f3n en el Sistema de Postulaci\u00f3n a Instrumentos (SPI), <a href=\"https:\/\/spi.conacyt.gov.py\/user\" target=\"_blank\" rel=\"noreferrer noopener\">https:\/\/spi.conacyt.gov.py\/user<\/a>, de manera que el proceso tenga validez.<\/p>\n\n\n\n<p>BECAL insta a los postulantes a completar todos los puntos solicitados en el formulario de postulaci\u00f3n en el SPI, ya que las postulaciones no cerradas o no completadas, como se indica en la Gu\u00eda de Bases y Condiciones (GBC), quedar\u00e1n invalidadas de este llamado.<\/p>\n\n\n\n<p>Para Maestr\u00eda en Ciencia, Tecnolog\u00eda e Innovaci\u00f3n hay dos (2) plazas, para Maestr\u00eda en Educaci\u00f3n, un (1) cupo; y para Doctorado en Ciencia, Tecnolog\u00eda e Innovaci\u00f3n, cinco (5) plazas.<\/p>\n\n\n\n<p>La Maestr\u00eda en CTI est\u00e1 dirigida a todas aquellas personas que realicen estudios en las \u00e1reas de ciencia, tecnolog\u00eda e innovaci\u00f3n, cuyo proyecto de vida sea el fortalecimiento de las capacidades de innovaci\u00f3n de las empresas, gesti\u00f3n p\u00fablica, universidades y centros de I+D. Se financiar\u00e1n programas de Maestr\u00eda en las siguientes categor\u00edas del Manual de Frascati: 1. Ciencias Naturales; 2. Ingenier\u00eda y Tecnolog\u00eda; 3. Medicina y Salud; 4. Ciencias Agr\u00edcolas; 5. Ciencias Sociales; 6. Humanidades (\u00fanicamente para las sub \u00e1reas: Dise\u00f1o y Arquitectura).<\/p>\n\n\n\n<p>Entretanto, la Maestr\u00eda en Educaci\u00f3n y\/o Gesti\u00f3n Educativa est\u00e1 dirigida a todas aquellas personas que realicen estudios en educaci\u00f3n, que se encuentren prestando servicios en el \u00e1mbito de educaci\u00f3n con una antig\u00fcedad m\u00ednima de 24 meses a la fecha de postulaci\u00f3n (requisito excluyente), cuyo proyecto de vida contribuya con el desarrollo dentro del sector oficial y\/o privado subvencionado y\/o privado del pa\u00eds.<\/p>\n\n\n\n<p>El Doctorado en CTI est\u00e1 dirigido a todas aquellas personas que realicen estudios en las \u00e1reas de ciencia, tecnolog\u00eda e innovaci\u00f3n, cuyo proyecto de vida sea la investigaci\u00f3n, docencia y\/o transferencia tecnol\u00f3gica. Esta convocatoria estar\u00e1 abierta a todas las \u00e1reas del conocimiento seg\u00fan el Manual de Frascati1: 1. Ciencias Naturales; 2. Ingenier\u00eda y Tecnolog\u00eda; 3. Medicina y Salud; 4. Ciencias Agr\u00edcolas; 5. Ciencias Sociales (excepto educaci\u00f3n); y 6. Humanidades.<\/p>\n\n\n\n<p>El Servicio Alem\u00e1n de Intercambio Acad\u00e9mico (DAAD) es la organizaci\u00f3n promotora del intercambio internacional de estudiantes y cient\u00edficos m\u00e1s grande del mundo. Como asociaci\u00f3n de universidades y colectividades de estudiantes representa a nivel mundial a 231 universidades e instituciones de educaci\u00f3n superior alemanas.<\/p>\n\n\n\n<p>El objetivo general del Programa BECAL es poder contribuir a aumentar los niveles de generaci\u00f3n y aplicaci\u00f3n de conocimiento en las \u00e1reas de Ciencia y Tecnolog\u00eda y los niveles de aprendizaje en la educaci\u00f3n a trav\u00e9s del mejoramiento de la oferta de capital humano avanzado en dichas \u00e1reas.<\/p>\n\n\n\n<figure class=\"wp-block-image size-large\"><img fetchpriority=\"high\" decoding=\"async\" width=\"1024\" height=\"1024\" src=\"https:\/\/migracion.becal.gov.py\/wp-content\/uploads\/2025\/02\/HOY-CIERRE-CONVOCATORIA-DAAD-2025-02-26-at-09.39.10-1024x1024.jpeg\" alt=\"\" class=\"wp-image-20550\" srcset=\"https:\/\/migracion.becal.gov.py\/v2\/wp-content\/uploads\/2025\/02\/HOY-CIERRE-CONVOCATORIA-DAAD-2025-02-26-at-09.39.10-1024x1024.jpeg 1024w, https:\/\/migracion.becal.gov.py\/v2\/wp-content\/uploads\/2025\/02\/HOY-CIERRE-CONVOCATORIA-DAAD-2025-02-26-at-09.39.10-300x300.jpeg 300w, https:\/\/migracion.becal.gov.py\/v2\/wp-content\/uploads\/2025\/02\/HOY-CIERRE-CONVOCATORIA-DAAD-2025-02-26-at-09.39.10-150x150.jpeg 150w, https:\/\/migracion.becal.gov.py\/v2\/wp-content\/uploads\/2025\/02\/HOY-CIERRE-CONVOCATORIA-DAAD-2025-02-26-at-09.39.10-768x768.jpeg 768w, https:\/\/migracion.becal.gov.py\/v2\/wp-content\/uploads\/2025\/02\/HOY-CIERRE-CONVOCATORIA-DAAD-2025-02-26-at-09.39.10-1536x1536.jpeg 1536w, https:\/\/migracion.becal.gov.py\/v2\/wp-content\/uploads\/2025\/02\/HOY-CIERRE-CONVOCATORIA-DAAD-2025-02-26-at-09.39.10-2048x2048.jpeg 2048w, https:\/\/migracion.becal.gov.py\/v2\/wp-content\/uploads\/2025\/02\/HOY-CIERRE-CONVOCATORIA-DAAD-2025-02-26-at-09.39.10-100x100.jpeg 100w\" sizes=\"(max-width: 1024px) 100vw, 1024px\" \/><\/figure>\n","protected":false},"excerpt":{"rendered":"<p>Los interesados en las becas para hacer Maestr\u00edas y Doctorados en Alemania, a trav\u00e9s del Programa Nacional de Becas \u201cCarlos Antonio L\u00f3pez\u201d (BECAL) del Ministerio de Econom\u00eda y Finanzas (MEF), en convenio con el Servicio Alem\u00e1n de Intercambio Acad\u00e9mico (DAAD), tienen tiempo hasta las 15:00 [&hellip;]<\/p>\n","protected":false},"author":3,"featured_media":20414,"comment_status":"closed","ping_status":"closed","sticky":false,"template":"","format":"standard","meta":{"footnotes":""},"categories":[90],"tags":[87,98,156,105,100,157],"class_list":["post-20549","post","type-post","status-publish","format-standard","has-post-thumbnail","hentry","category-informaciones-institucionales","tag-becal","tag-becas","tag-daad","tag-modalidad-asistida","tag-politicas-publicas","tag-servicio-aleman-de-intercambio-academico"],"_links":{"self":[{"href":"https:\/\/migracion.becal.gov.py\/v2\/wp-json\/wp\/v2\/posts\/20549","targetHints":{"allow":["GET"]}}],"collection":[{"href":"https:\/\/migracion.becal.gov.py\/v2\/wp-json\/wp\/v2\/posts"}],"about":[{"href":"https:\/\/migracion.becal.gov.py\/v2\/wp-json\/wp\/v2\/types\/post"}],"author":[{"embeddable":true,"href":"https:\/\/migracion.becal.gov.py\/v2\/wp-json\/wp\/v2\/users\/3"}],"replies":[{"embeddable":true,"href":"https:\/\/migracion.becal.gov.py\/v2\/wp-json\/wp\/v2\/comments?post=20549"}],"version-history":[{"count":2,"href":"https:\/\/migracion.becal.gov.py\/v2\/wp-json\/wp\/v2\/posts\/20549\/revisions"}],"predecessor-version":[{"id":20552,"href":"https:\/\/migracion.becal.gov.py\/v2\/wp-json\/wp\/v2\/posts\/20549\/revisions\/20552"}],"wp:featuredmedia":[{"embeddable":true,"href":"https:\/\/migracion.becal.gov.py\/v2\/wp-json\/wp\/v2\/media\/20414"}],"wp:attachment":[{"href":"https:\/\/migracion.becal.gov.py\/v2\/wp-json\/wp\/v2\/media?parent=20549"}],"wp:term":[{"taxonomy":"category","embeddable":true,"href":"https:\/\/migracion.becal.gov.py\/v2\/wp-json\/wp\/v2\/categories?post=20549"},{"taxonomy":"post_tag","embeddable":true,"href":"https:\/\/migracion.becal.gov.py\/v2\/wp-json\/wp\/v2\/tags?post=20549"}],"curies":[{"name":"wp","href":"https:\/\/api.w.org\/{rel}","templated":true}]}}