{"id":20592,"date":"2025-03-10T10:17:59","date_gmt":"2025-03-10T10:17:59","guid":{"rendered":"https:\/\/becal.gov.py\/v2\/?p=20592"},"modified":"2025-03-10T10:18:41","modified_gmt":"2025-03-10T10:18:41","slug":"becal-lanza-becas-de-especializaciones-para-responder-a-demanda-de-formacion-de-posgrado-de-corto-plazo","status":"publish","type":"post","link":"https:\/\/migracion.becal.gov.py\/v2\/2025\/03\/10\/becal-lanza-becas-de-especializaciones-para-responder-a-demanda-de-formacion-de-posgrado-de-corto-plazo\/","title":{"rendered":"BECAL lanza becas de Especializaciones para responder a demanda de formaci\u00f3n de posgrado de corto plazo"},"content":{"rendered":"\n<p>Para fortalecer las necesidades de formaci\u00f3n de especialistas en diversas \u00e1reas prioritarias para el desarrollo del pa\u00eds, el Programa Nacional de Becas \u201cCarlos Antonio L\u00f3pez\u201d (BECAL) del Ministerio de Econom\u00eda y Finanzas (MEF) pone a disposici\u00f3n m\u00e1s de 100 becas para Especializaciones en la modalidad Autogestionada. Estas oportunidades est\u00e1n dirigidas a profesionales que buscan acceder a posgrados de menor duraci\u00f3n, enfocados en responder a las demandas del mercado laboral y a los desaf\u00edos nacionales.<\/p>\n\n\n\n<p>Estos programas est\u00e1n dise\u00f1ados para proporcionar herramientas especializadas a los beneficiarios, permiti\u00e9ndoles actualizar sus conocimientos y contribuir al desarrollo del pa\u00eds. Adem\u00e1s, las especializaciones se alinean con las estrategias establecidas en el Plan Nacional de Desarrollo 2030, el Plan Nacional de Educaci\u00f3n 2024 y la Agenda Nacional de Ciencia, Tecnolog\u00eda e Innovaci\u00f3n (CTI) Paraguay 2022-2030.<\/p>\n\n\n\n<p>Las becas est\u00e1n disponibles para dos sectores clave. <strong>Al sector p\u00fablico<\/strong>: dirigidas a funcionarios p\u00fablicos nombrados con al menos dos a\u00f1os de antig\u00fcedad en instituciones elegibles, quienes deben demostrar que el programa de estudios se alinea con sus funciones actuales. Se considerar\u00e1 el tiempo de contrataci\u00f3n y\/o de nombramiento como funcionario p\u00fablico o contratado. <strong>Al Sector privado:<\/strong> destinadas a trabajadores formales (dependientes o independientes) con una antig\u00fcedad m\u00ednima de dos a\u00f1os en su empleo, cuyo programa de estudios est\u00e9 directamente relacionado con su \u00e1rea de desempe\u00f1o.<\/p>\n\n\n\n<p>Los programas de especializaci\u00f3n financiados por BECAL se enmarcan dentro de las categor\u00edas del Manual de Frascati, incluyendo: 1. Ciencias Naturales; 2. Ingenier\u00eda y Tecnolog\u00eda; 3. Medicina y Salud; 4. Ciencias Agr\u00edcolas; 5. Ciencias Sociales; 6. Humanidades (\u00fanicamente para las disciplinas: Dise\u00f1o y Arquitectura), los cuales deben vincularse a las \u00e1reas estrat\u00e9gicas priorizadas (requisito excluyente).<\/p>\n\n\n\n<p>Todas las especializaciones deben estar vinculadas a las \u00e1reas estrat\u00e9gicas priorizadas. Adem\u00e1s, solo se financiar\u00e1n programas en modalidad virtual ofrecidos por centros acad\u00e9micos ranqueados. La Gu\u00eda de Bases y Condiciones est\u00e1 disponible en la secci\u00f3n Postulantes, en la pesta\u00f1a de Especializaciones Autogestionadas: <a href=\"https:\/\/migracion.becal.gov.py\/especializaciones-autogestionadas\/\" target=\"_blank\" rel=\"noreferrer noopener\">https:\/\/migracion.becal.gov.py\/especializaciones-autogestionadas\/<\/a>.<\/p>\n\n\n\n<p>Con esta iniciativa, BECAL reafirma su compromiso con la formaci\u00f3n de capital humano avanzado, promoviendo la especializaci\u00f3n de profesionales que contribuyan al crecimiento y la innovaci\u00f3n en el pa\u00eds.<\/p>\n\n\n\n<figure class=\"wp-block-image size-large\"><img fetchpriority=\"high\" decoding=\"async\" width=\"1024\" height=\"1024\" src=\"https:\/\/migracion.becal.gov.py\/wp-content\/uploads\/2025\/03\/Convocatorias-de-Marzo-Autogestionadas-e-Idiomas-2025-03-04-at-09.26.49-1024x1024.jpeg\" alt=\"\" class=\"wp-image-20593\" srcset=\"https:\/\/migracion.becal.gov.py\/v2\/wp-content\/uploads\/2025\/03\/Convocatorias-de-Marzo-Autogestionadas-e-Idiomas-2025-03-04-at-09.26.49-1024x1024.jpeg 1024w, https:\/\/migracion.becal.gov.py\/v2\/wp-content\/uploads\/2025\/03\/Convocatorias-de-Marzo-Autogestionadas-e-Idiomas-2025-03-04-at-09.26.49-300x300.jpeg 300w, https:\/\/migracion.becal.gov.py\/v2\/wp-content\/uploads\/2025\/03\/Convocatorias-de-Marzo-Autogestionadas-e-Idiomas-2025-03-04-at-09.26.49-150x150.jpeg 150w, https:\/\/migracion.becal.gov.py\/v2\/wp-content\/uploads\/2025\/03\/Convocatorias-de-Marzo-Autogestionadas-e-Idiomas-2025-03-04-at-09.26.49-768x768.jpeg 768w, https:\/\/migracion.becal.gov.py\/v2\/wp-content\/uploads\/2025\/03\/Convocatorias-de-Marzo-Autogestionadas-e-Idiomas-2025-03-04-at-09.26.49-1536x1536.jpeg 1536w, https:\/\/migracion.becal.gov.py\/v2\/wp-content\/uploads\/2025\/03\/Convocatorias-de-Marzo-Autogestionadas-e-Idiomas-2025-03-04-at-09.26.49-2048x2048.jpeg 2048w, https:\/\/migracion.becal.gov.py\/v2\/wp-content\/uploads\/2025\/03\/Convocatorias-de-Marzo-Autogestionadas-e-Idiomas-2025-03-04-at-09.26.49-100x100.jpeg 100w\" sizes=\"(max-width: 1024px) 100vw, 1024px\" \/><\/figure>\n","protected":false},"excerpt":{"rendered":"<p>Para fortalecer las necesidades de formaci\u00f3n de especialistas en diversas \u00e1reas prioritarias para el desarrollo del pa\u00eds, el Programa Nacional de Becas \u201cCarlos Antonio L\u00f3pez\u201d (BECAL) del Ministerio de Econom\u00eda y Finanzas (MEF) pone a disposici\u00f3n m\u00e1s de 100 becas para Especializaciones en la modalidad [&hellip;]<\/p>\n","protected":false},"author":3,"featured_media":20367,"comment_status":"closed","ping_status":"closed","sticky":false,"template":"","format":"standard","meta":{"footnotes":""},"categories":[90],"tags":[87,98,194,100],"class_list":["post-20592","post","type-post","status-publish","format-standard","has-post-thumbnail","hentry","category-informaciones-institucionales","tag-becal","tag-becas","tag-especializaciones","tag-politicas-publicas"],"_links":{"self":[{"href":"https:\/\/migracion.becal.gov.py\/v2\/wp-json\/wp\/v2\/posts\/20592","targetHints":{"allow":["GET"]}}],"collection":[{"href":"https:\/\/migracion.becal.gov.py\/v2\/wp-json\/wp\/v2\/posts"}],"about":[{"href":"https:\/\/migracion.becal.gov.py\/v2\/wp-json\/wp\/v2\/types\/post"}],"author":[{"embeddable":true,"href":"https:\/\/migracion.becal.gov.py\/v2\/wp-json\/wp\/v2\/users\/3"}],"replies":[{"embeddable":true,"href":"https:\/\/migracion.becal.gov.py\/v2\/wp-json\/wp\/v2\/comments?post=20592"}],"version-history":[{"count":2,"href":"https:\/\/migracion.becal.gov.py\/v2\/wp-json\/wp\/v2\/posts\/20592\/revisions"}],"predecessor-version":[{"id":20595,"href":"https:\/\/migracion.becal.gov.py\/v2\/wp-json\/wp\/v2\/posts\/20592\/revisions\/20595"}],"wp:featuredmedia":[{"embeddable":true,"href":"https:\/\/migracion.becal.gov.py\/v2\/wp-json\/wp\/v2\/media\/20367"}],"wp:attachment":[{"href":"https:\/\/migracion.becal.gov.py\/v2\/wp-json\/wp\/v2\/media?parent=20592"}],"wp:term":[{"taxonomy":"category","embeddable":true,"href":"https:\/\/migracion.becal.gov.py\/v2\/wp-json\/wp\/v2\/categories?post=20592"},{"taxonomy":"post_tag","embeddable":true,"href":"https:\/\/migracion.becal.gov.py\/v2\/wp-json\/wp\/v2\/tags?post=20592"}],"curies":[{"name":"wp","href":"https:\/\/api.w.org\/{rel}","templated":true}]}}