{"id":20632,"date":"2025-03-24T10:40:02","date_gmt":"2025-03-24T10:40:02","guid":{"rendered":"https:\/\/becal.gov.py\/v2\/?p=20632"},"modified":"2025-03-24T10:40:05","modified_gmt":"2025-03-24T10:40:05","slug":"becario-de-becal-se-convierte-en-el-primer-paraguayo-en-recibir-certificacion-europea-en-electrofisiologia-cardiaca-por-la-european-heart-rhythm-association","status":"publish","type":"post","link":"https:\/\/migracion.becal.gov.py\/v2\/2025\/03\/24\/becario-de-becal-se-convierte-en-el-primer-paraguayo-en-recibir-certificacion-europea-en-electrofisiologia-cardiaca-por-la-european-heart-rhythm-association\/","title":{"rendered":"Becario de BECAL se convierte en el primer paraguayo en recibir certificaci\u00f3n europea en Electrofisiolog\u00eda Cardiaca por la European Heart Rhythm Association"},"content":{"rendered":"\n<p>Jos\u00e9 Fernando Alderete Mart\u00ednez, quien est\u00e1 haciendo un programa de Doctorado en Medicina e Investigaci\u00f3n Traslacional en la Universidad de Barcelona, Espa\u00f1a, a trav\u00e9s del Programa Nacional de Becas \u201cCarlos Antonio L\u00f3pez\u201d (BECAL) del Ministerio de Econom\u00eda y Finanzas (MEF), se convirti\u00f3 en el primer paraguayo en recibir la certificaci\u00f3n europea en Electrofisiolog\u00eda Cardiaca por la European Heart Rhythm Association.<\/p>\n\n\n\n<p>\u201cObtener la certificaci\u00f3n europea en Electrofisiolog\u00eda Card\u00edaca ha sido un logro personal de enorme valor, que valida mi formaci\u00f3n como Cardi\u00f3logo Electrofisi\u00f3logo tras m\u00e1s de cuatro a\u00f1os de especializaci\u00f3n en el extranjero, entre Jap\u00f3n y Espa\u00f1a. Hasta la fecha, ning\u00fan otro paraguayo ha obtenido esta certificaci\u00f3n, que exige completar una formaci\u00f3n fuera del pa\u00eds, aprobar un riguroso examen te\u00f3rico de 6 horas y haber realizado al menos 200 procedimientos de ablaci\u00f3n de arritmias card\u00edacas. Esta certificaci\u00f3n representa no solo un reconocimiento a mi esfuerzo, sino tambi\u00e9n un paso importante para la Electrofisiolog\u00eda en Paraguay\u201d, indica sobre este reconocimiento.<\/p>\n\n\n\n<p>Se\u00f1ala que su objetivo principal es regresar a Paraguay tras finalizar su doctorado y aplicar todo lo aprendido en estos a\u00f1os. \u201cUna de mis metas es montar la primera Unidad de Arritmias del pa\u00eds, donde se puedan realizar todos los procedimientos de ablaci\u00f3n de arritmias que actualmente no est\u00e1n disponibles debido a la falta de profesionales capacitados y de equipamiento tecnol\u00f3gico\u201d, destaca.<\/p>\n\n\n\n<p>Adem\u00e1s, dice que le gustar\u00eda reincorporarse a la Divisi\u00f3n de Medicina Cardiovascular del Hospital de Cl\u00ednicas, donde realiz\u00f3 su formaci\u00f3n en Cardiolog\u00eda, para formar a nuevos especialistas interesados en Electrofisiolog\u00eda y en Investigaci\u00f3n cient\u00edfica.<\/p>\n\n\n\n<p>Su familia est\u00e1 compuesta por sus padres y una hermana menor. Est\u00e1 casado con Ana Claudia Rivas Segovia, con quien tiene una hija de 6 a\u00f1os. Su esposa tambi\u00e9n es becaria de BECAL actualmente. Comenta que su padre es Licenciado en Administraci\u00f3n Agraria y su hermana es Licenciada en Administraci\u00f3n de Empresas. Su esposa es m\u00e9dica dermat\u00f3loga, con un m\u00e1ster en Patolog\u00eda Cut\u00e1nea Avanzada por la Universidad de Barcelona, que realiz\u00f3 como becaria de BECAL. Actualmente est\u00e1 cursando un doctorado en Medicina e Investigaci\u00f3n Traslacional en la misma universidad.<\/p>\n\n\n\n<p>Jos\u00e9 Fernando es doctor en Medicina y Cirug\u00eda por la Universidad Nacional de Asunci\u00f3n y miembro del cuadro de Honor de la promoci\u00f3n 2011. Es Especialista en Medicina Interna y Especialista en Cardiolog\u00eda, ambos en la Universidad Nacional de Asunci\u00f3n. Dentro de la Cardiolog\u00eda, se especializ\u00f3 en Electrofisiolog\u00eda Cardiaca Invasiva, rama que se dedica al diagn\u00f3stico y tratamiento de las arritmias card\u00edacas mediante t\u00e9cnicas invasivas (ablaci\u00f3n por cat\u00e9ter, implante de marcapasos y desfibriladores).<\/p>\n\n\n\n<p>Para ello, refiere que realiz\u00f3 Fellowship en Electrofisiolog\u00eda en el Departamento de Medicina Cardiovascular de la Universidad de Kyoto, Jap\u00f3n (2020-2021) y Fellowship en Electrofisiolog\u00eda y estimulaci\u00f3n Cardiaca en el Centro M\u00e9dico Teknon de Barcelona, Espa\u00f1a (2022-2023).<\/p>\n\n\n\n<p>Explica que su l\u00ednea de investigaci\u00f3n doctoral es la Utilidad de las im\u00e1genes cardiacas en la ablaci\u00f3n de arritmias complejas. Agrega que decidi\u00f3 realizar este doctorado para profundizar sus conocimientos en investigaci\u00f3n cient\u00edfica. \u201cAdem\u00e1s, la ablaci\u00f3n de arritmias es un campo a\u00fan poco desarrollado en Paraguay, por lo que considero que este aprendizaje podr\u00e1 contribuir significativamente al avance de la especialidad en el pa\u00eds\u201d, afirma.<\/p>\n\n\n\n<figure class=\"wp-block-image size-large\"><img fetchpriority=\"high\" decoding=\"async\" width=\"1024\" height=\"768\" src=\"https:\/\/migracion.becal.gov.py\/wp-content\/uploads\/2025\/03\/WhatsApp-Image-2025-03-17-at-09.49.02-1024x768.jpeg\" alt=\"\" class=\"wp-image-20634\" srcset=\"https:\/\/migracion.becal.gov.py\/v2\/wp-content\/uploads\/2025\/03\/WhatsApp-Image-2025-03-17-at-09.49.02-1024x768.jpeg 1024w, https:\/\/migracion.becal.gov.py\/v2\/wp-content\/uploads\/2025\/03\/WhatsApp-Image-2025-03-17-at-09.49.02-300x225.jpeg 300w, https:\/\/migracion.becal.gov.py\/v2\/wp-content\/uploads\/2025\/03\/WhatsApp-Image-2025-03-17-at-09.49.02-768x576.jpeg 768w, https:\/\/migracion.becal.gov.py\/v2\/wp-content\/uploads\/2025\/03\/WhatsApp-Image-2025-03-17-at-09.49.02-1536x1152.jpeg 1536w, https:\/\/migracion.becal.gov.py\/v2\/wp-content\/uploads\/2025\/03\/WhatsApp-Image-2025-03-17-at-09.49.02.jpeg 1600w\" sizes=\"(max-width: 1024px) 100vw, 1024px\" \/><\/figure>\n\n\n\n<p>Sobre su estad\u00eda acad\u00e9mica en el exterior, sostiene que ha sido sumamente enriquecedora, no solo en el \u00e1mbito acad\u00e9mico, sino tambi\u00e9n en lo personal y cultural. \u201cMe ha permitido conocer personas de distintas partes del mundo y aprender de diversas culturas. A nivel acad\u00e9mico, la Universidad de Barcelona brinda a los estudiantes de grado y posgrado acceso a recursos de primer nivel, lo que facilita el desarrollo de proyectos de investigaci\u00f3n sin limitaciones. Esta experiencia ha reforzado mis habilidades en investigaci\u00f3n y me ha permitido trabajar con tecnolog\u00edas avanzadas en el tratamiento de arritmias\u201d, resalta.<\/p>\n\n\n\n<p>Para Jos\u00e9 Fernando, el Programa BECAL es un verdadero privilegio para Paraguay, ya que se trata de una beca completa que permite estudiar en las mejores universidades del mundo. Al compararla con otros programas de becas europeas, asegura que BECAL es muy superior en cuanto a cobertura y beneficios.<\/p>\n\n\n\n<p>\u201cSin esta beca, probablemente no habr\u00eda tenido la oportunidad de realizar mi doctorado en la Universidad de Barcelona ni de completar mi formaci\u00f3n en Electrofisiolog\u00eda. Sin embargo, creo que muchos estudiantes paraguayos a\u00fan desconocen su alcance y dejan pasar la oportunidad de postularse. Mi consejo es que se animen a postularse y a salir de su zona de confort. BECAL es una oportunidad \u00fanica que realmente cubre todos los gastos necesarios para estudiar en el exterior sin limitaciones. El \u00fanico l\u00edmite es el que cada uno se impone\u201d, concluye.<\/p>\n\n\n\n<figure class=\"wp-block-image size-large\"><img decoding=\"async\" width=\"1024\" height=\"768\" src=\"https:\/\/migracion.becal.gov.py\/wp-content\/uploads\/2025\/03\/WhatsApp-Image-2025-03-17-at-09.42.31-1024x768.jpeg\" alt=\"\" class=\"wp-image-20635\" srcset=\"https:\/\/migracion.becal.gov.py\/v2\/wp-content\/uploads\/2025\/03\/WhatsApp-Image-2025-03-17-at-09.42.31-1024x768.jpeg 1024w, https:\/\/migracion.becal.gov.py\/v2\/wp-content\/uploads\/2025\/03\/WhatsApp-Image-2025-03-17-at-09.42.31-300x225.jpeg 300w, https:\/\/migracion.becal.gov.py\/v2\/wp-content\/uploads\/2025\/03\/WhatsApp-Image-2025-03-17-at-09.42.31-768x576.jpeg 768w, https:\/\/migracion.becal.gov.py\/v2\/wp-content\/uploads\/2025\/03\/WhatsApp-Image-2025-03-17-at-09.42.31-1536x1152.jpeg 1536w, https:\/\/migracion.becal.gov.py\/v2\/wp-content\/uploads\/2025\/03\/WhatsApp-Image-2025-03-17-at-09.42.31.jpeg 1600w\" sizes=\"(max-width: 1024px) 100vw, 1024px\" \/><\/figure>\n","protected":false},"excerpt":{"rendered":"<p>Jos\u00e9 Fernando Alderete Mart\u00ednez, quien est\u00e1 haciendo un programa de Doctorado en Medicina e Investigaci\u00f3n Traslacional en la Universidad de Barcelona, Espa\u00f1a, a trav\u00e9s del Programa Nacional de Becas \u201cCarlos Antonio L\u00f3pez\u201d (BECAL) del Ministerio de Econom\u00eda y Finanzas (MEF), se convirti\u00f3 en el primer [&hellip;]<\/p>\n","protected":false},"author":3,"featured_media":20633,"comment_status":"closed","ping_status":"closed","sticky":false,"template":"","format":"standard","meta":{"footnotes":""},"categories":[90],"tags":[87,98,100],"class_list":["post-20632","post","type-post","status-publish","format-standard","has-post-thumbnail","hentry","category-informaciones-institucionales","tag-becal","tag-becas","tag-politicas-publicas"],"_links":{"self":[{"href":"https:\/\/migracion.becal.gov.py\/v2\/wp-json\/wp\/v2\/posts\/20632","targetHints":{"allow":["GET"]}}],"collection":[{"href":"https:\/\/migracion.becal.gov.py\/v2\/wp-json\/wp\/v2\/posts"}],"about":[{"href":"https:\/\/migracion.becal.gov.py\/v2\/wp-json\/wp\/v2\/types\/post"}],"author":[{"embeddable":true,"href":"https:\/\/migracion.becal.gov.py\/v2\/wp-json\/wp\/v2\/users\/3"}],"replies":[{"embeddable":true,"href":"https:\/\/migracion.becal.gov.py\/v2\/wp-json\/wp\/v2\/comments?post=20632"}],"version-history":[{"count":1,"href":"https:\/\/migracion.becal.gov.py\/v2\/wp-json\/wp\/v2\/posts\/20632\/revisions"}],"predecessor-version":[{"id":20636,"href":"https:\/\/migracion.becal.gov.py\/v2\/wp-json\/wp\/v2\/posts\/20632\/revisions\/20636"}],"wp:featuredmedia":[{"embeddable":true,"href":"https:\/\/migracion.becal.gov.py\/v2\/wp-json\/wp\/v2\/media\/20633"}],"wp:attachment":[{"href":"https:\/\/migracion.becal.gov.py\/v2\/wp-json\/wp\/v2\/media?parent=20632"}],"wp:term":[{"taxonomy":"category","embeddable":true,"href":"https:\/\/migracion.becal.gov.py\/v2\/wp-json\/wp\/v2\/categories?post=20632"},{"taxonomy":"post_tag","embeddable":true,"href":"https:\/\/migracion.becal.gov.py\/v2\/wp-json\/wp\/v2\/tags?post=20632"}],"curies":[{"name":"wp","href":"https:\/\/api.w.org\/{rel}","templated":true}]}}