{"id":20698,"date":"2025-04-21T10:36:40","date_gmt":"2025-04-21T10:36:40","guid":{"rendered":"https:\/\/becal.gov.py\/v2\/?p=20698"},"modified":"2025-04-21T10:36:43","modified_gmt":"2025-04-21T10:36:43","slug":"becario-de-becal-obtiene-doctorado-en-hidrologia-y-ciencias-del-clima-con-tesis-que-analiza-efectos-del-pantanal-y-las-represas-en-la-cuenca-del-plata","status":"publish","type":"post","link":"https:\/\/migracion.becal.gov.py\/v2\/2025\/04\/21\/becario-de-becal-obtiene-doctorado-en-hidrologia-y-ciencias-del-clima-con-tesis-que-analiza-efectos-del-pantanal-y-las-represas-en-la-cuenca-del-plata\/","title":{"rendered":"Becario de BECAL obtiene Doctorado en Hidrolog\u00eda y Ciencias del Clima con tesis que analiza efectos del Pantanal y las represas en la cuenca del Plata"},"content":{"rendered":"\n<p>Osvaldo Luis Barresi, quien hizo el Doctorado en Hidrolog\u00eda y Ciencias del Clima en la Universidad de Toulouse, Francia, a trav\u00e9s del Programa Nacional de Becas \u201cCarlos Antonio L\u00f3pez\u201d (BECAL) del Ministerio de Econom\u00eda y Finanzas (MEF), present\u00f3 su tesis doctoral titulada &#8216;Caracterizaci\u00f3n Hidrol\u00f3gica de la cuenca de la Plata: estudio en las cuencas Paraguay, Paran\u00e1 y Uruguay&#8217;, a inicios de este mes. La tesis contiene un an\u00e1lisis profundo del ciclo del agua en la cuenca de la Plata, discutiendo detalladamente el efecto del Pantanal y las represas presentes a lo largo de la cuenca.<\/p>\n\n\n\n<p>Osvaldo es Qu\u00edmico Industrial egresado de la Universidad Nacional de Asunci\u00f3n (UNA) y Mag\u00edster en Ciencias del Suelo por la Universidad de Buenos Aires. En el 2024, fue galardonado con el Premio a la Mejor Investigaci\u00f3n 2024 en el SWAT International Conference, realizado en Francia, por este mismo tema.<\/p>\n\n\n\n<p>Al explicar el tema de su tesis doctoral, nuestro becario se\u00f1ala que la Cuenca del Plata (LPB) es uno de los sistemas hidrol\u00f3gicos m\u00e1s grandes de Am\u00e9rica del Sur, cubriendo aproximadamente 3.1 millones de km\u00b2 y drenando una quinta parte del continente. Agrega que se extiende por cinco pa\u00edses: Brasil, Bolivia, Paraguay, Uruguay y Argentina, e incluye tres subcuencas principales: Paran\u00e1, Paraguay y Uruguay.<\/p>\n\n\n\n<p>A\u00f1ade que estos r\u00edos desempe\u00f1an un papel crucial en uno de los ecosistemas m\u00e1s biodiversos y productivos del mundo. Sin embargo, expresa, el funcionamiento hidrol\u00f3gico de la LPB est\u00e1 sujeto a cambios significativos debido al cambio clim\u00e1tico y las actividades humanas, particularmente la regulaci\u00f3n por represas y la alteraci\u00f3n de las llanuras de inundaci\u00f3n.<\/p>\n\n\n\n<p>\u201cEste estudio tiene como objetivo mejorar la comprensi\u00f3n del r\u00e9gimen hidrol\u00f3gico de la LPB, enfoc\u00e1ndose en la influencia de sistemas de regulaci\u00f3n tanto naturales como antropog\u00e9nicos. Se utiliza el modelo f\u00edsico SWAT+ para simular el ciclo hidrol\u00f3gico, la gesti\u00f3n de embalses y la conectividad entre unidades del paisaje con detalle. Se desarroll\u00f3 un m\u00f3dulo de desbordamiento para representar la subcuenca del Paraguay, y se adopt\u00f3 un enfoque tipo embalse para modelar la retenci\u00f3n de agua de diversos flujos provenientes de las tierras altas hacia la llanura de inundaci\u00f3n\u201d, destaca.<\/p>\n\n\n\n<p>Refiere que la representaci\u00f3n de las operaciones de las represas se modela utilizando reglas de decisi\u00f3n espec\u00edficas para cada una. Estas reglas fueron identificadas mediante GDROM, una herramienta basada en modelos ocultos de Markov y \u00e1rboles de decisi\u00f3n que reconstruye las operaciones de gesti\u00f3n de represas. Menciona que los resultados obtenidos con GDROM fueron integrados luego en SWAT+ para simular los desbordamientos de las represas y su impacto en el r\u00e9gimen hidrol\u00f3gico de la cuenca.<\/p>\n\n\n\n<p>Contin\u00faa explicando que en la subcuenca del Paraguay, el Pantanal cumple un papel clave en la regulaci\u00f3n de las inundaciones. Durante el per\u00edodo de simulaci\u00f3n de 1990 a 2020, aproximadamente el 61% del agua superficial fluy\u00f3 a trav\u00e9s de esta vasta llanura de inundaci\u00f3n antes de llegar a la desembocadura, el doble que en la Cuenca Amaz\u00f3nica. El almacenamiento m\u00e1ximo de agua ocurre entre enero y abril, mientras que la llanura de inundaci\u00f3n est\u00e1 casi seca entre octubre y diciembre. Cuellos de botella en el norte y sur ralentizan la onda de crecida, afectando la hidrolog\u00eda del r\u00edo.<\/p>\n\n\n\n<p>En su tesis, nuestro becario se\u00f1ala que en el r\u00edo Paran\u00e1, la presencia de represas altera la amplitud de los flujos, atenuando las inundaciones y aumentando las descargas durante la estaci\u00f3n seca. \u201cEl an\u00e1lisis de la gesti\u00f3n de represas muestra que los desbordamientos est\u00e1n fuertemente influenciados por la precipitaci\u00f3n estacional y eventos clim\u00e1ticos como el ENSO. La prueba de Mann-Kendall revela una disminuci\u00f3n significativa en la escorrent\u00eda en la Cuenca del Paran\u00e1 entre 2003 y 2020\u201d, dice.<\/p>\n\n\n\n<p>Asimismo, indica que las contribuciones hidrol\u00f3gicas de las principales subcuencas muestran que los r\u00edos Uruguay e Iguaz\u00fa aportan las mayores contribuciones de agua, con promedios de 55 y 54 mm\/mes respectivamente, mientras que la del r\u00edo Paraguay es menor, alrededor de 13.05 mm\/mes. El r\u00edo Paran\u00e1 alcanza su contribuci\u00f3n m\u00e1xima de 47.09 mm\/mes entre enero y abril, disminuyendo gradualmente hasta noviembre.<\/p>\n\n\n\n<p>\u201cUn escenario sin represas revela una mayor variabilidad de los flujos en la desembocadura del Paran\u00e1, intensificando tanto las inundaciones en la estaci\u00f3n h\u00fameda (+7.85%) como las sequ\u00edas en la estaci\u00f3n seca (-23.29%) en comparaci\u00f3n con el escenario con represas. Los resultados destacan la importancia de las llanuras de inundaci\u00f3n y las represas en la regulaci\u00f3n hidrol\u00f3gica de la Cuenca del Plata. Subrayan la necesidad de una gesti\u00f3n adaptativa de los recursos h\u00eddricos para enfrentar los desaf\u00edos que plantea el cambio clim\u00e1tico y el aumento de las actividades humanas\u201d, resalta en otra parte de su tesis doctoral.<\/p>\n\n\n\n<p>Finalmente, destaca que la protecci\u00f3n de los humedales del Pantanal emerge como una palanca fundamental para preservar la resiliencia hidrol\u00f3gica de la cuenca. \u201cEstos hallazgos proporcionan una base cient\u00edfica crucial para orientar futuras estrategias de gesti\u00f3n sostenible de la LPB y anticipar los impactos de los cambios ambientales en la disponibilidad\u201d, concluye.<\/p>\n\n\n\n<figure class=\"wp-block-image size-large\"><img fetchpriority=\"high\" decoding=\"async\" width=\"771\" height=\"1024\" src=\"https:\/\/migracion.becal.gov.py\/wp-content\/uploads\/2025\/04\/IMG-20250401-WA0018-771x1024.jpg\" alt=\"\" class=\"wp-image-20700\" srcset=\"https:\/\/migracion.becal.gov.py\/v2\/wp-content\/uploads\/2025\/04\/IMG-20250401-WA0018-771x1024.jpg 771w, https:\/\/migracion.becal.gov.py\/v2\/wp-content\/uploads\/2025\/04\/IMG-20250401-WA0018-226x300.jpg 226w, https:\/\/migracion.becal.gov.py\/v2\/wp-content\/uploads\/2025\/04\/IMG-20250401-WA0018-768x1020.jpg 768w, https:\/\/migracion.becal.gov.py\/v2\/wp-content\/uploads\/2025\/04\/IMG-20250401-WA0018-1157x1536.jpg 1157w, https:\/\/migracion.becal.gov.py\/v2\/wp-content\/uploads\/2025\/04\/IMG-20250401-WA0018.jpg 1536w\" sizes=\"(max-width: 771px) 100vw, 771px\" \/><\/figure>\n","protected":false},"excerpt":{"rendered":"<p>Osvaldo Luis Barresi, quien hizo el Doctorado en Hidrolog\u00eda y Ciencias del Clima en la Universidad de Toulouse, Francia, a trav\u00e9s del Programa Nacional de Becas \u201cCarlos Antonio L\u00f3pez\u201d (BECAL) del Ministerio de Econom\u00eda y Finanzas (MEF), present\u00f3 su tesis doctoral titulada &#8216;Caracterizaci\u00f3n Hidrol\u00f3gica de [&hellip;]<\/p>\n","protected":false},"author":3,"featured_media":20699,"comment_status":"closed","ping_status":"closed","sticky":false,"template":"","format":"standard","meta":{"footnotes":""},"categories":[90],"tags":[87,98,100],"class_list":["post-20698","post","type-post","status-publish","format-standard","has-post-thumbnail","hentry","category-informaciones-institucionales","tag-becal","tag-becas","tag-politicas-publicas"],"_links":{"self":[{"href":"https:\/\/migracion.becal.gov.py\/v2\/wp-json\/wp\/v2\/posts\/20698","targetHints":{"allow":["GET"]}}],"collection":[{"href":"https:\/\/migracion.becal.gov.py\/v2\/wp-json\/wp\/v2\/posts"}],"about":[{"href":"https:\/\/migracion.becal.gov.py\/v2\/wp-json\/wp\/v2\/types\/post"}],"author":[{"embeddable":true,"href":"https:\/\/migracion.becal.gov.py\/v2\/wp-json\/wp\/v2\/users\/3"}],"replies":[{"embeddable":true,"href":"https:\/\/migracion.becal.gov.py\/v2\/wp-json\/wp\/v2\/comments?post=20698"}],"version-history":[{"count":1,"href":"https:\/\/migracion.becal.gov.py\/v2\/wp-json\/wp\/v2\/posts\/20698\/revisions"}],"predecessor-version":[{"id":20701,"href":"https:\/\/migracion.becal.gov.py\/v2\/wp-json\/wp\/v2\/posts\/20698\/revisions\/20701"}],"wp:featuredmedia":[{"embeddable":true,"href":"https:\/\/migracion.becal.gov.py\/v2\/wp-json\/wp\/v2\/media\/20699"}],"wp:attachment":[{"href":"https:\/\/migracion.becal.gov.py\/v2\/wp-json\/wp\/v2\/media?parent=20698"}],"wp:term":[{"taxonomy":"category","embeddable":true,"href":"https:\/\/migracion.becal.gov.py\/v2\/wp-json\/wp\/v2\/categories?post=20698"},{"taxonomy":"post_tag","embeddable":true,"href":"https:\/\/migracion.becal.gov.py\/v2\/wp-json\/wp\/v2\/tags?post=20698"}],"curies":[{"name":"wp","href":"https:\/\/api.w.org\/{rel}","templated":true}]}}